{"id":959,"date":"2016-11-18T09:43:58","date_gmt":"2016-11-18T08:43:58","guid":{"rendered":"http:\/\/seo.org.pl\/?p=959"},"modified":"2016-11-18T09:43:58","modified_gmt":"2016-11-18T08:43:58","slug":"zakonczyly-sie-konsultacje-planu-rozwoju-elektromobilnosci","status":"publish","type":"post","link":"https:\/\/seo.org.pl\/en\/zakonczyly-sie-konsultacje-planu-rozwoju-elektromobilnosci\/","title":{"rendered":"Zako\u0144czy\u0142y si\u0119 konsultacje Planu Rozwoju Elektromobilno\u015bci"},"content":{"rendered":"<p>Ministerstwo Energii zako\u0144czy\u0142o konsultacje spo\u0142eczne Planu Rozwoju Elektromobilno\u015bci. Wzi\u0119\u0142o w nich udzia\u0142 blisko 30 organizacji i instytucji reprezentuj\u0105cych zar\u00f3wno biznes, \u015bwiat nauki, jak i organizacje pozarz\u0105dowe. Partnerzy spo\u0142ecznie zg\u0142osili ponad 100 uwag, z kt\u00f3rych cz\u0119\u015b\u0107 zosta\u0142a uwzgl\u0119dniona w Planie.<\/p>\n<p><strong>Jakie uwagi zosta\u0142y przyj\u0119te \u00a0<\/strong><\/p>\n<p>Spo\u015br\u00f3d zg\u0142oszonych uwag:<\/p>\n<ul>\n<li>cz\u0119\u015b\u0107\u00a0 zosta\u0142a uwzgl\u0119dniona i wprowadzona do tekstu Planu Rozwoju Elektromobilno\u015bci;<\/li>\n<li>cz\u0119\u015b\u0107 \u2013 przede wszystkim ze wzgl\u0119du na ich szczeg\u00f3\u0142owy charakter \u2013 zostanie poddana przez pracownik\u00f3w ME analizie na etapie prac nad ustaw\u0105 o elektromobilno\u015bci.<\/li>\n<\/ul>\n<p>Nie uwzgl\u0119dnili\u015bmy przede wszystkim uwag:<\/p>\n<ul>\n<li>wykraczaj\u0105cych poza zakres dokumentu lub<\/li>\n<li>wskazuj\u0105cych na potrzeb\u0119 dokonania szczeg\u00f3\u0142owych przes\u0105dze\u0144 ju\u017c na etapie Planu.<\/li>\n<\/ul>\n<p>Plan zarysowuje p\u0142aszczyzny rozwoju elektromobilno\u015bci i okre\u015bla cele w tym obszarze. Szczeg\u00f3\u0142owe przes\u0105dzenia &#8211; wraz z ich analiz\u0105 &#8211; zostan\u0105 przedstawione przez ME w projekcie ustawy o elektromobilno\u015bci, kt\u00f3ra r\u00f3wnie\u017c zostanie skierowana do konsultacji.<\/p>\n<p><strong>Jakie uwagi zosta\u0142y uwzgl\u0119dnione w Planie<\/strong><\/p>\n<p>Po konsultacjach zdecydowali\u015bmy si\u0119 wprowadzi\u0107 nast\u0119puj\u0105ce zmiany:<\/p>\n<ul>\n<li>podkre\u015bli\u0107 znaczenie budowania infrastruktury \u0142adowania tak\u017ce wzd\u0142u\u017c g\u0142\u00f3wnych korytarzy transportowych:\n<ul>\n<li>zdaniem strony spo\u0142ecznej jest to niezb\u0119dne, aby samoch\u00f3d elektryczny uzyska\u0142 funkcjonalno\u015b\u0107 por\u00f3wnywaln\u0105 z samochodem spalinowym;<\/li>\n<\/ul>\n<\/li>\n<li>wskaza\u0107 na potrzeb\u0119 szukania synergii mi\u0119dzy infrastruktur\u0105 \u0142adowania autobus\u00f3w, a infrastruktur\u0105 dla pojazd\u00f3w osobowych;<\/li>\n<li>podkre\u015bli\u0107 potrzeb\u0119 zdefiniowania us\u0142ugi \u0142adowania jako nowej us\u0142ugi odr\u0119bnej od us\u0142ugi sprzeda\u017cy energii elektrycznej;<\/li>\n<li>rozbudowa\u0107 fragment dot. budowy i rozwoju dedykowanych publicznym stacjom lub punktom \u0142adowania system\u00f3w \u0142\u0105czno\u015bci cyfrowej:\n<ul>\n<li>chodzi o zagwarantowanie bezpiecze\u0144stwa danych;<\/li>\n<\/ul>\n<\/li>\n<li>podkre\u015bli\u0107 potrzeb\u0119 integracji plan\u00f3w rozbudowy sieci przez OSD z planami samorz\u0105d\u00f3w<strong><br \/>\n<\/strong>w zakresie elektromobilno\u015bci;<\/li>\n<li>doda\u0107 fragment wskazuj\u0105cy, \u017ce nowych uregulowa\u0144 prawnych b\u0119dzie wymaga\u0107 nie tylko sprzeda\u017c us\u0142ugi \u0142adowania, ale tak\u017ce us\u0142uga odsprzeda\u017cy energii elektrycznej z pojazdu do sieci w przypadku rozwoju technologii V2G.<\/li>\n<\/ul>\n<p><a class=\"downloadIcon\" href=\"http:\/\/www.me.gov.pl\/files\/upload\/26655\/Tabela_raport_z_konsultacji_za%C5%82%C4%85cznik.pdf\" target=\"_blank\">Pe\u0142ny raport z konsultacji Planu w formie tabeli.\u00a0<\/a><\/p>\n<p>\u0179r\u00f3d\u0142o: me.gov.pl<\/p>\n","protected":false},"excerpt":{"rendered":"<p>Ministerstwo Energii zako\u0144czy\u0142o konsultacje spo\u0142eczne Planu Rozwoju Elektromobilno\u015bci. Wzi\u0119\u0142o w nich udzia\u0142 blisko 30 organizacji i instytucji reprezentuj\u0105cych zar\u00f3wno biznes, \u015bwiat nauki, jak i organizacje pozarz\u0105dowe. Partnerzy spo\u0142ecznie zg\u0142osili ponad 100 uwag, z kt\u00f3rych cz\u0119\u015b\u0107 zosta\u0142a uwzgl\u0119dniona w Planie. Jakie uwagi zosta\u0142y przyj\u0119te \u00a0 Spo\u015br\u00f3d zg\u0142oszonych uwag: cz\u0119\u015b\u0107\u00a0 zosta\u0142a uwzgl\u0119dniona i wprowadzona do tekstu Planu [&hellip;]<\/p>\n","protected":false},"author":1,"featured_media":918,"comment_status":"closed","ping_status":"open","sticky":false,"template":"","format":"standard","meta":{"ocean_post_layout":"","ocean_both_sidebars_style":"","ocean_both_sidebars_content_width":0,"ocean_both_sidebars_sidebars_width":0,"ocean_sidebar":"","ocean_second_sidebar":"","ocean_disable_margins":"enable","ocean_add_body_class":"","ocean_shortcode_before_top_bar":"","ocean_shortcode_after_top_bar":"","ocean_shortcode_before_header":"","ocean_shortcode_after_header":"","ocean_has_shortcode":"","ocean_shortcode_after_title":"","ocean_shortcode_before_footer_widgets":"","ocean_shortcode_after_footer_widgets":"","ocean_shortcode_before_footer_bottom":"","ocean_shortcode_after_footer_bottom":"","ocean_display_top_bar":"default","ocean_display_header":"default","ocean_header_style":"","ocean_center_header_left_menu":"","ocean_custom_header_template":"","ocean_custom_logo":0,"ocean_custom_retina_logo":0,"ocean_custom_logo_max_width":0,"ocean_custom_logo_tablet_max_width":0,"ocean_custom_logo_mobile_max_width":0,"ocean_custom_logo_max_height":0,"ocean_custom_logo_tablet_max_height":0,"ocean_custom_logo_mobile_max_height":0,"ocean_header_custom_menu":"","ocean_menu_typo_font_family":"","ocean_menu_typo_font_subset":"","ocean_menu_typo_font_size":0,"ocean_menu_typo_font_size_tablet":0,"ocean_menu_typo_font_size_mobile":0,"ocean_menu_typo_font_size_unit":"px","ocean_menu_typo_font_weight":"","ocean_menu_typo_font_weight_tablet":"","ocean_menu_typo_font_weight_mobile":"","ocean_menu_typo_transform":"","ocean_menu_typo_transform_tablet":"","ocean_menu_typo_transform_mobile":"","ocean_menu_typo_line_height":0,"ocean_menu_typo_line_height_tablet":0,"ocean_menu_typo_line_height_mobile":0,"ocean_menu_typo_line_height_unit":"","ocean_menu_typo_spacing":0,"ocean_menu_typo_spacing_tablet":0,"ocean_menu_typo_spacing_mobile":0,"ocean_menu_typo_spacing_unit":"","ocean_menu_link_color":"","ocean_menu_link_color_hover":"","ocean_menu_link_color_active":"","ocean_menu_link_background":"","ocean_menu_link_hover_background":"","ocean_menu_link_active_background":"","ocean_menu_social_links_bg":"","ocean_menu_social_hover_links_bg":"","ocean_menu_social_links_color":"","ocean_menu_social_hover_links_color":"","ocean_disable_title":"default","ocean_disable_heading":"default","ocean_post_title":"","ocean_post_subheading":"","ocean_post_title_style":"","ocean_post_title_background_color":"","ocean_post_title_background":0,"ocean_post_title_bg_image_position":"","ocean_post_title_bg_image_attachment":"","ocean_post_title_bg_image_repeat":"","ocean_post_title_bg_image_size":"","ocean_post_title_height":0,"ocean_post_title_bg_overlay":0.5,"ocean_post_title_bg_overlay_color":"","ocean_disable_breadcrumbs":"default","ocean_breadcrumbs_color":"","ocean_breadcrumbs_separator_color":"","ocean_breadcrumbs_links_color":"","ocean_breadcrumbs_links_hover_color":"","ocean_display_footer_widgets":"default","ocean_display_footer_bottom":"default","ocean_custom_footer_template":"","ocean_post_oembed":"","ocean_post_self_hosted_media":"","ocean_post_video_embed":"","ocean_link_format":"","ocean_link_format_target":"self","ocean_quote_format":"","ocean_quote_format_link":"post","ocean_gallery_link_images":"on","ocean_gallery_id":[],"footnotes":""},"categories":[34],"tags":[80],"class_list":["post-959","post","type-post","status-publish","format-standard","has-post-thumbnail","hentry","category-informacje","tag-elektromobilnosc","entry","has-media"],"_links":{"self":[{"href":"https:\/\/seo.org.pl\/en\/wp-json\/wp\/v2\/posts\/959","targetHints":{"allow":["GET"]}}],"collection":[{"href":"https:\/\/seo.org.pl\/en\/wp-json\/wp\/v2\/posts"}],"about":[{"href":"https:\/\/seo.org.pl\/en\/wp-json\/wp\/v2\/types\/post"}],"author":[{"embeddable":true,"href":"https:\/\/seo.org.pl\/en\/wp-json\/wp\/v2\/users\/1"}],"replies":[{"embeddable":true,"href":"https:\/\/seo.org.pl\/en\/wp-json\/wp\/v2\/comments?post=959"}],"version-history":[{"count":0,"href":"https:\/\/seo.org.pl\/en\/wp-json\/wp\/v2\/posts\/959\/revisions"}],"wp:featuredmedia":[{"embeddable":true,"href":"https:\/\/seo.org.pl\/en\/wp-json\/wp\/v2\/media\/918"}],"wp:attachment":[{"href":"https:\/\/seo.org.pl\/en\/wp-json\/wp\/v2\/media?parent=959"}],"wp:term":[{"taxonomy":"category","embeddable":true,"href":"https:\/\/seo.org.pl\/en\/wp-json\/wp\/v2\/categories?post=959"},{"taxonomy":"post_tag","embeddable":true,"href":"https:\/\/seo.org.pl\/en\/wp-json\/wp\/v2\/tags?post=959"}],"curies":[{"name":"wp","href":"https:\/\/api.w.org\/{rel}","templated":true}]}}