{"id":853,"date":"2016-10-28T10:30:10","date_gmt":"2016-10-28T08:30:10","guid":{"rendered":"http:\/\/seo.org.pl\/?p=853"},"modified":"2016-11-04T15:19:13","modified_gmt":"2016-11-04T14:19:13","slug":"spotkanie-eurelectric-z-europarlamentarzystami-w-sprawie-reformy-eu-ets-z-udzialem-pkee","status":"publish","type":"post","link":"https:\/\/seo.org.pl\/en\/spotkanie-eurelectric-z-europarlamentarzystami-w-sprawie-reformy-eu-ets-z-udzialem-pkee\/","title":{"rendered":"Spotkanie EURELECTRIC z europarlamentarzystami w sprawie reformy EU ETS z udzia\u0142em PKEE"},"content":{"rendered":"<p>26 pa\u017adziernika w Parlamencie Europejskim odby\u0142o si\u0119 zorganizowane przez EURELETRIC \u015bniadanie robocze z europarlamentarzystami, odgrywaj\u0105cymi kluczow\u0105 rol\u0119 w kwestii reformy systemu EU ETS. W spotkaniu uczestniczyli m.in. Giovanni La Via &#8211; przewodnicz\u0105cy Komisji ENVI, Ian Duncan \u2013 pose\u0142-sprawozdawca i autor raportu ENVI na temat reformy EU ETS oraz Jerzy Buzek &#8211; szef Komisji ITRE. Jednym z panelist\u00f3w z ramienia EURELECTRIC by\u0142 Maciej Burny (sekretarz Rady Zarz\u0105dzaj\u0105cej Polskiego Komitetu Energii Elektrycznej), prezentuj\u0105cy stanowisko europejskiego sektora energetycznego.<\/p>\n<p>Spotkanie, kt\u00f3rego go\u015b\u0107mi byli przedstawiciele z Komisji ENVI i ITRE oraz europejskich koncern\u00f3w energetycznych, odby\u0142o si\u0119 pod has\u0142em \u201ePriorytety dla sektora elektroenergetycznego w ramach rewizji dyrektywy\u00a0 EU ETS\u201d. Taki tytu\u0142 nosi\u0142 tak\u017ce panel dyskusyjny, kt\u00f3ry mia\u0142 miejsce w czasie tego wydarzenia. Podczas panelu Maciej Burny przedstawi\u0142 w imieniu EURELECTRIC stanowisko europejskiego sektora elektroenergetycznego na temat mechanizm\u00f3w kompensacyjnych (derogacji oraz Funduszu Modernizacyjnego \u2013 art. 10c i 10d projektu rewizji dyr. EU ETS), kt\u00f3re jest w pe\u0142ni sp\u00f3jne ze stanowiskiem PKEE.<\/p>\n<p><a href=\"http:\/\/www.pkee.pl\/pl,aktualnosci,4,aktualnosci,1,spotkanie-eurelectric-z-europarlamentarzystami-w-sprawie-reformy-eu-ets-%E2%80%93-z-udzialem-przedstawiciela-pkee-prezentujacego-stanowisko-europejskiego-sektora-energetycznego,235\">Wi\u0119cej na stronie Polskiego Komitetu Energii Elektrycznej<\/a><\/p>\n","protected":false},"excerpt":{"rendered":"<p>26 pa\u017adziernika w Parlamencie Europejskim odby\u0142o si\u0119 zorganizowane przez EURELETRIC \u015bniadanie robocze z europarlamentarzystami, odgrywaj\u0105cymi kluczow\u0105 rol\u0119 w kwestii reformy systemu EU ETS. W spotkaniu uczestniczyli m.in. Giovanni La Via &#8211; przewodnicz\u0105cy Komisji ENVI, Ian Duncan \u2013 pose\u0142-sprawozdawca i autor raportu ENVI na temat reformy EU ETS oraz Jerzy Buzek &#8211; szef Komisji ITRE. Jednym [&hellip;]<\/p>\n","protected":false},"author":1,"featured_media":904,"comment_status":"closed","ping_status":"open","sticky":false,"template":"","format":"standard","meta":{"ocean_post_layout":"","ocean_both_sidebars_style":"","ocean_both_sidebars_content_width":0,"ocean_both_sidebars_sidebars_width":0,"ocean_sidebar":"","ocean_second_sidebar":"","ocean_disable_margins":"enable","ocean_add_body_class":"","ocean_shortcode_before_top_bar":"","ocean_shortcode_after_top_bar":"","ocean_shortcode_before_header":"","ocean_shortcode_after_header":"","ocean_has_shortcode":"","ocean_shortcode_after_title":"","ocean_shortcode_before_footer_widgets":"","ocean_shortcode_after_footer_widgets":"","ocean_shortcode_before_footer_bottom":"","ocean_shortcode_after_footer_bottom":"","ocean_display_top_bar":"default","ocean_display_header":"default","ocean_header_style":"","ocean_center_header_left_menu":"","ocean_custom_header_template":"","ocean_custom_logo":0,"ocean_custom_retina_logo":0,"ocean_custom_logo_max_width":0,"ocean_custom_logo_tablet_max_width":0,"ocean_custom_logo_mobile_max_width":0,"ocean_custom_logo_max_height":0,"ocean_custom_logo_tablet_max_height":0,"ocean_custom_logo_mobile_max_height":0,"ocean_header_custom_menu":"","ocean_menu_typo_font_family":"","ocean_menu_typo_font_subset":"","ocean_menu_typo_font_size":0,"ocean_menu_typo_font_size_tablet":0,"ocean_menu_typo_font_size_mobile":0,"ocean_menu_typo_font_size_unit":"px","ocean_menu_typo_font_weight":"","ocean_menu_typo_font_weight_tablet":"","ocean_menu_typo_font_weight_mobile":"","ocean_menu_typo_transform":"","ocean_menu_typo_transform_tablet":"","ocean_menu_typo_transform_mobile":"","ocean_menu_typo_line_height":0,"ocean_menu_typo_line_height_tablet":0,"ocean_menu_typo_line_height_mobile":0,"ocean_menu_typo_line_height_unit":"","ocean_menu_typo_spacing":0,"ocean_menu_typo_spacing_tablet":0,"ocean_menu_typo_spacing_mobile":0,"ocean_menu_typo_spacing_unit":"","ocean_menu_link_color":"","ocean_menu_link_color_hover":"","ocean_menu_link_color_active":"","ocean_menu_link_background":"","ocean_menu_link_hover_background":"","ocean_menu_link_active_background":"","ocean_menu_social_links_bg":"","ocean_menu_social_hover_links_bg":"","ocean_menu_social_links_color":"","ocean_menu_social_hover_links_color":"","ocean_disable_title":"default","ocean_disable_heading":"default","ocean_post_title":"","ocean_post_subheading":"","ocean_post_title_style":"","ocean_post_title_background_color":"","ocean_post_title_background":0,"ocean_post_title_bg_image_position":"","ocean_post_title_bg_image_attachment":"","ocean_post_title_bg_image_repeat":"","ocean_post_title_bg_image_size":"","ocean_post_title_height":0,"ocean_post_title_bg_overlay":0.5,"ocean_post_title_bg_overlay_color":"","ocean_disable_breadcrumbs":"default","ocean_breadcrumbs_color":"","ocean_breadcrumbs_separator_color":"","ocean_breadcrumbs_links_color":"","ocean_breadcrumbs_links_hover_color":"","ocean_display_footer_widgets":"default","ocean_display_footer_bottom":"default","ocean_custom_footer_template":"","ocean_post_oembed":"","ocean_post_self_hosted_media":"","ocean_post_video_embed":"","ocean_link_format":"","ocean_link_format_target":"self","ocean_quote_format":"","ocean_quote_format_link":"post","ocean_gallery_link_images":"on","ocean_gallery_id":[],"footnotes":""},"categories":[34],"tags":[86],"class_list":["post-853","post","type-post","status-publish","format-standard","has-post-thumbnail","hentry","category-informacje","tag-pkee","entry","has-media"],"_links":{"self":[{"href":"https:\/\/seo.org.pl\/en\/wp-json\/wp\/v2\/posts\/853","targetHints":{"allow":["GET"]}}],"collection":[{"href":"https:\/\/seo.org.pl\/en\/wp-json\/wp\/v2\/posts"}],"about":[{"href":"https:\/\/seo.org.pl\/en\/wp-json\/wp\/v2\/types\/post"}],"author":[{"embeddable":true,"href":"https:\/\/seo.org.pl\/en\/wp-json\/wp\/v2\/users\/1"}],"replies":[{"embeddable":true,"href":"https:\/\/seo.org.pl\/en\/wp-json\/wp\/v2\/comments?post=853"}],"version-history":[{"count":0,"href":"https:\/\/seo.org.pl\/en\/wp-json\/wp\/v2\/posts\/853\/revisions"}],"wp:featuredmedia":[{"embeddable":true,"href":"https:\/\/seo.org.pl\/en\/wp-json\/wp\/v2\/media\/904"}],"wp:attachment":[{"href":"https:\/\/seo.org.pl\/en\/wp-json\/wp\/v2\/media?parent=853"}],"wp:term":[{"taxonomy":"category","embeddable":true,"href":"https:\/\/seo.org.pl\/en\/wp-json\/wp\/v2\/categories?post=853"},{"taxonomy":"post_tag","embeddable":true,"href":"https:\/\/seo.org.pl\/en\/wp-json\/wp\/v2\/tags?post=853"}],"curies":[{"name":"wp","href":"https:\/\/api.w.org\/{rel}","templated":true}]}}