{"id":772,"date":"2016-10-05T12:12:50","date_gmt":"2016-10-05T10:12:50","guid":{"rendered":"http:\/\/seo1.home.pl\/seo_org\/?p=772"},"modified":"2016-10-26T12:13:34","modified_gmt":"2016-10-26T10:13:34","slug":"me-wyniki-konsultacji-projektu-rozwiazan-dotyczacych-funkcjonowania-rynku-mocy-w-polsce","status":"publish","type":"post","link":"https:\/\/seo.org.pl\/en\/me-wyniki-konsultacji-projektu-rozwiazan-dotyczacych-funkcjonowania-rynku-mocy-w-polsce\/","title":{"rendered":"ME: Wyniki konsultacji projektu rozwi\u0105za\u0144 dotycz\u0105cych funkcjonowania rynku mocy w Polsce"},"content":{"rendered":"<div id=\"headContent\">\n<p>Zako\u0144czy\u0142y si\u0119 konsultacje przygotowanego przez ME projektu rozwi\u0105za\u0144 funkcjonalnych rynku mocy. W wyniku analizy zg\u0142oszonych uwag, zosta\u0142 przygotowany raport. Poprawione rozwi\u0105zania, b\u0119d\u0105 stanowi\u0142y podstaw\u0119 do dalszych prac nad ustaw\u0105 o rynku mocy.<\/p>\n<\/div>\n<div id=\"bodyContent\">\n<p>Jak informuje Ministerstwo energii, celem projektu jest zapewnienie ci\u0105g\u0142o\u015b\u0107 i stabilno\u015b\u0107 dostaw energii elektrycznej dla przemys\u0142u i do wszystkich gospodarstw domowych na terenie kraju w ilo\u015bci i czasie jakie wynikaj\u0105 z ich potrzeb. W tym kontek\u015bcie kluczowe jest stworzenie zach\u0119t do decyzji inwestycyjnych i modernizacyjnych.<\/p>\n<p>Zdaniem ME funkcjonowanie obecnego modelu mo\u017ce przyczynia\u0107 si\u0119 do pog\u0142\u0119biania problemu z wystarczalno\u015bci\u0105 mocy. To z kolei mo\u017ce doprowadzi\u0107 do zwi\u0119kszenia importu energii z zagranicy. Dost\u0119pno\u015b\u0107 odpowiedniego sterowalnego wolumenu mocy na terenie kraju jest podstaw\u0105 bezpiecze\u0144stwa energetycznego Polski.<\/p>\n<p>Prace nad projektem trwa\u0142y od pocz\u0105tku roku. Konsultacje rozpocz\u0119\u0142y si\u0119 4 lipca 2016 r. Szczeg\u00f3\u0142owy opis zmian dokonanych w wyniku konsultacji znajduje si\u0119 w dedykowanym raporcie. Jednym z za\u0142\u0105cznik\u00f3w raportu s\u0105 poprawione rozwi\u0105zania funkcjonalne rynku mocy.<\/p>\n<p><a class=\"downloadIcon\" href=\"http:\/\/www.me.gov.pl\/files\/upload\/26489\/Raport_z_konsultacji_rozwiazan_funkcjonalnych_rynku%20mocy_final_20161003.pdf\" target=\"_blank\">Raport z konsultacji rozwi\u0105za\u0144 funkcjonalnych rynku mocy<\/a><\/p>\n<p><a class=\"downloadIcon\" href=\"http:\/\/www.me.gov.pl\/files\/upload\/26489\/Rozwiazania%20funkcjonalne%20rynku%20mocy_final_20161003.pdf\" target=\"_blank\">Rozwi\u0105zania funkcjonalne rynku mocy<\/a><\/p>\n<p><a class=\"downloadIcon\" href=\"http:\/\/www.me.gov.pl\/files\/upload\/26489\/Za%C5%82.%20nr%201%20Wykaz%20uwag%20zg%C5%82oszonych%20do%20Projektu%20rozw.%20funkc.%20rynku%20mocy.pdf\" target=\"_blank\">Wykaz uwag zg\u0142oszonych do projektu rozwi\u0105za\u0144 funkcjonalych rynku mocy<\/a><\/p>\n<p><a class=\"downloadIcon\" href=\"http:\/\/www.me.gov.pl\/files\/upload\/26489\/Za%C5%82.%20nr%203%20Krzywa%20zapotrzebowania%20na%20moc%20-%20wariant%20koszyki.pdf\" target=\"_blank\">Krzywa zapotrzebowania na moc<\/a><\/p>\n<\/div>\n","protected":false},"excerpt":{"rendered":"<p>Zako\u0144czy\u0142y si\u0119 konsultacje przygotowanego przez ME projektu rozwi\u0105za\u0144 funkcjonalnych rynku mocy. W wyniku analizy zg\u0142oszonych uwag, zosta\u0142 przygotowany raport. Poprawione rozwi\u0105zania, b\u0119d\u0105 stanowi\u0142y podstaw\u0119 do dalszych prac nad ustaw\u0105 o rynku mocy. Jak informuje Ministerstwo energii, celem projektu jest zapewnienie ci\u0105g\u0142o\u015b\u0107 i stabilno\u015b\u0107 dostaw energii elektrycznej dla przemys\u0142u i do wszystkich gospodarstw domowych na terenie [&hellip;]<\/p>\n","protected":false},"author":1,"featured_media":464,"comment_status":"closed","ping_status":"open","sticky":false,"template":"","format":"standard","meta":{"ocean_post_layout":"","ocean_both_sidebars_style":"","ocean_both_sidebars_content_width":0,"ocean_both_sidebars_sidebars_width":0,"ocean_sidebar":"","ocean_second_sidebar":"","ocean_disable_margins":"enable","ocean_add_body_class":"","ocean_shortcode_before_top_bar":"","ocean_shortcode_after_top_bar":"","ocean_shortcode_before_header":"","ocean_shortcode_after_header":"","ocean_has_shortcode":"","ocean_shortcode_after_title":"","ocean_shortcode_before_footer_widgets":"","ocean_shortcode_after_footer_widgets":"","ocean_shortcode_before_footer_bottom":"","ocean_shortcode_after_footer_bottom":"","ocean_display_top_bar":"default","ocean_display_header":"default","ocean_header_style":"","ocean_center_header_left_menu":"","ocean_custom_header_template":"","ocean_custom_logo":0,"ocean_custom_retina_logo":0,"ocean_custom_logo_max_width":0,"ocean_custom_logo_tablet_max_width":0,"ocean_custom_logo_mobile_max_width":0,"ocean_custom_logo_max_height":0,"ocean_custom_logo_tablet_max_height":0,"ocean_custom_logo_mobile_max_height":0,"ocean_header_custom_menu":"","ocean_menu_typo_font_family":"","ocean_menu_typo_font_subset":"","ocean_menu_typo_font_size":0,"ocean_menu_typo_font_size_tablet":0,"ocean_menu_typo_font_size_mobile":0,"ocean_menu_typo_font_size_unit":"px","ocean_menu_typo_font_weight":"","ocean_menu_typo_font_weight_tablet":"","ocean_menu_typo_font_weight_mobile":"","ocean_menu_typo_transform":"","ocean_menu_typo_transform_tablet":"","ocean_menu_typo_transform_mobile":"","ocean_menu_typo_line_height":0,"ocean_menu_typo_line_height_tablet":0,"ocean_menu_typo_line_height_mobile":0,"ocean_menu_typo_line_height_unit":"","ocean_menu_typo_spacing":0,"ocean_menu_typo_spacing_tablet":0,"ocean_menu_typo_spacing_mobile":0,"ocean_menu_typo_spacing_unit":"","ocean_menu_link_color":"","ocean_menu_link_color_hover":"","ocean_menu_link_color_active":"","ocean_menu_link_background":"","ocean_menu_link_hover_background":"","ocean_menu_link_active_background":"","ocean_menu_social_links_bg":"","ocean_menu_social_hover_links_bg":"","ocean_menu_social_links_color":"","ocean_menu_social_hover_links_color":"","ocean_disable_title":"default","ocean_disable_heading":"default","ocean_post_title":"","ocean_post_subheading":"","ocean_post_title_style":"","ocean_post_title_background_color":"","ocean_post_title_background":0,"ocean_post_title_bg_image_position":"","ocean_post_title_bg_image_attachment":"","ocean_post_title_bg_image_repeat":"","ocean_post_title_bg_image_size":"","ocean_post_title_height":0,"ocean_post_title_bg_overlay":0.5,"ocean_post_title_bg_overlay_color":"","ocean_disable_breadcrumbs":"default","ocean_breadcrumbs_color":"","ocean_breadcrumbs_separator_color":"","ocean_breadcrumbs_links_color":"","ocean_breadcrumbs_links_hover_color":"","ocean_display_footer_widgets":"default","ocean_display_footer_bottom":"default","ocean_custom_footer_template":"","ocean_post_oembed":"","ocean_post_self_hosted_media":"","ocean_post_video_embed":"","ocean_link_format":"","ocean_link_format_target":"self","ocean_quote_format":"","ocean_quote_format_link":"post","ocean_gallery_link_images":"on","ocean_gallery_id":[],"footnotes":""},"categories":[34],"tags":[23,22],"class_list":["post-772","post","type-post","status-publish","format-standard","has-post-thumbnail","hentry","category-informacje","tag-ministerstwo-energetyki","tag-rynek-mocy","entry","has-media"],"_links":{"self":[{"href":"https:\/\/seo.org.pl\/en\/wp-json\/wp\/v2\/posts\/772","targetHints":{"allow":["GET"]}}],"collection":[{"href":"https:\/\/seo.org.pl\/en\/wp-json\/wp\/v2\/posts"}],"about":[{"href":"https:\/\/seo.org.pl\/en\/wp-json\/wp\/v2\/types\/post"}],"author":[{"embeddable":true,"href":"https:\/\/seo.org.pl\/en\/wp-json\/wp\/v2\/users\/1"}],"replies":[{"embeddable":true,"href":"https:\/\/seo.org.pl\/en\/wp-json\/wp\/v2\/comments?post=772"}],"version-history":[{"count":0,"href":"https:\/\/seo.org.pl\/en\/wp-json\/wp\/v2\/posts\/772\/revisions"}],"wp:featuredmedia":[{"embeddable":true,"href":"https:\/\/seo.org.pl\/en\/wp-json\/wp\/v2\/media\/464"}],"wp:attachment":[{"href":"https:\/\/seo.org.pl\/en\/wp-json\/wp\/v2\/media?parent=772"}],"wp:term":[{"taxonomy":"category","embeddable":true,"href":"https:\/\/seo.org.pl\/en\/wp-json\/wp\/v2\/categories?post=772"},{"taxonomy":"post_tag","embeddable":true,"href":"https:\/\/seo.org.pl\/en\/wp-json\/wp\/v2\/tags?post=772"}],"curies":[{"name":"wp","href":"https:\/\/api.w.org\/{rel}","templated":true}]}}