{"id":456,"date":"2016-08-18T14:06:44","date_gmt":"2016-08-18T12:06:44","guid":{"rendered":"http:\/\/seo1.home.pl\/seo_org\/?p=456"},"modified":"2016-09-12T14:09:31","modified_gmt":"2016-09-12T12:09:31","slug":"tauron-500-mln-zl-odpisu-wartosci-farm-wiatrowych","status":"publish","type":"post","link":"https:\/\/seo.org.pl\/en\/tauron-500-mln-zl-odpisu-wartosci-farm-wiatrowych\/","title":{"rendered":"TAURON: 500 mln z\u0142. odpisu warto\u015bci farm wiatrowych"},"content":{"rendered":"<p>Grupa Tauron poda\u0142a wyniki finansowe za I p\u00f3\u0142rocze 2016 roku. Podobnie jak pozosta\u0142e koncerny energetyczne, Grupa dokona\u0142a odpis\u00f3w aktualizacyjnych z powodu utraty warto\u015b\u0107i swoich aktyw\u00f3w. \u0141\u0105czna kwota netto odpis\u00f3w osi\u0105gn\u0119\u0142a poziom ok. 700 mln z\u0142, na co sk\u0142ada si\u0119 odpis dotycz\u0105cy farm wiatrowych w wysoko\u015bci ok. 500 mln z\u0142 oraz odpisy maj\u0105tku produkuj\u0105cego energi\u0119 i ciep\u0142o w wysoko\u015bci netto ok. 200 mln z\u0142.<\/p>\n<p>&#8211; Jako Zarz\u0105d przyj\u0119li\u015bmy do test\u00f3w na utrat\u0119 warto\u015bci bardziej konserwatywne za\u0142o\u017cenia dotycz\u0105ce kszta\u0142towania si\u0119 w przysz\u0142o\u015bci mi\u0119dzy innymi cen energii, w\u0119gla, CO2. Uwzgl\u0119dnili\u015bmy  jednak\u017ce prawdopodobne wprowadzenie mechanizmu rynku mocy. Przyj\u0119te za\u0142o\u017cenia odzwierciedlaj\u0105 nasz spos\u00f3b widzenia rynku energii w perspektywie d\u0142ugoterminowej. Negatywnie na warto\u015b\u0107 aktyw\u00f3w wp\u0142ywaj\u0105 r\u00f3wnie\u017c nowe regulacje dotycz\u0105ce odnawialnych \u017ar\u00f3de\u0142 energii, skutkuj\u0105ce mi\u0119dzy innymi wzrostem koszt\u00f3w ich funkcjonowania, niskie ceny energii i zielonych certyfikat\u00f3w oraz przewidywana wy\u017csza poda\u017c energii ze \u017ar\u00f3de\u0142 konkurencyjnych w stosunku do energetyki w\u0119glowej \u2013 m\u00f3wi Jaros\u0142aw Broda, wiceprezes zarz\u0105du TAURON Polska Energia ds. zarz\u0105dzania maj\u0105tkiem i rozwoju.<\/p>\n<p>Komunikat Grupy Tauron wraz z wynikami finansowymi dost\u0119pny jest <a href=\"http:\/\/media.tauron.pl\/pr\/324209\/wyniki-grupy-tauron-za-i-polrocze-2016-r\" target=\"_blank\">tutaj<\/a>.<\/p>\n","protected":false},"excerpt":{"rendered":"<p>Grupa Tauron poda\u0142a wyniki finansowe za I p\u00f3\u0142rocze 2016 roku. Podobnie jak pozosta\u0142e koncerny energetyczne, Grupa dokona\u0142a odpis\u00f3w aktualizacyjnych z powodu utraty warto\u015b\u0107i swoich aktyw\u00f3w. \u0141\u0105czna kwota netto odpis\u00f3w osi\u0105gn\u0119\u0142a poziom ok. 700 mln z\u0142, na co sk\u0142ada si\u0119 odpis dotycz\u0105cy farm wiatrowych w wysoko\u015bci ok. 500 mln z\u0142 oraz odpisy maj\u0105tku produkuj\u0105cego energi\u0119 i [&hellip;]<\/p>\n","protected":false},"author":1,"featured_media":412,"comment_status":"closed","ping_status":"open","sticky":false,"template":"","format":"standard","meta":{"ocean_post_layout":"","ocean_both_sidebars_style":"","ocean_both_sidebars_content_width":0,"ocean_both_sidebars_sidebars_width":0,"ocean_sidebar":"","ocean_second_sidebar":"","ocean_disable_margins":"enable","ocean_add_body_class":"","ocean_shortcode_before_top_bar":"","ocean_shortcode_after_top_bar":"","ocean_shortcode_before_header":"","ocean_shortcode_after_header":"","ocean_has_shortcode":"","ocean_shortcode_after_title":"","ocean_shortcode_before_footer_widgets":"","ocean_shortcode_after_footer_widgets":"","ocean_shortcode_before_footer_bottom":"","ocean_shortcode_after_footer_bottom":"","ocean_display_top_bar":"default","ocean_display_header":"default","ocean_header_style":"","ocean_center_header_left_menu":"","ocean_custom_header_template":"","ocean_custom_logo":0,"ocean_custom_retina_logo":0,"ocean_custom_logo_max_width":0,"ocean_custom_logo_tablet_max_width":0,"ocean_custom_logo_mobile_max_width":0,"ocean_custom_logo_max_height":0,"ocean_custom_logo_tablet_max_height":0,"ocean_custom_logo_mobile_max_height":0,"ocean_header_custom_menu":"","ocean_menu_typo_font_family":"","ocean_menu_typo_font_subset":"","ocean_menu_typo_font_size":0,"ocean_menu_typo_font_size_tablet":0,"ocean_menu_typo_font_size_mobile":0,"ocean_menu_typo_font_size_unit":"px","ocean_menu_typo_font_weight":"","ocean_menu_typo_font_weight_tablet":"","ocean_menu_typo_font_weight_mobile":"","ocean_menu_typo_transform":"","ocean_menu_typo_transform_tablet":"","ocean_menu_typo_transform_mobile":"","ocean_menu_typo_line_height":0,"ocean_menu_typo_line_height_tablet":0,"ocean_menu_typo_line_height_mobile":0,"ocean_menu_typo_line_height_unit":"","ocean_menu_typo_spacing":0,"ocean_menu_typo_spacing_tablet":0,"ocean_menu_typo_spacing_mobile":0,"ocean_menu_typo_spacing_unit":"","ocean_menu_link_color":"","ocean_menu_link_color_hover":"","ocean_menu_link_color_active":"","ocean_menu_link_background":"","ocean_menu_link_hover_background":"","ocean_menu_link_active_background":"","ocean_menu_social_links_bg":"","ocean_menu_social_hover_links_bg":"","ocean_menu_social_links_color":"","ocean_menu_social_hover_links_color":"","ocean_disable_title":"default","ocean_disable_heading":"default","ocean_post_title":"","ocean_post_subheading":"","ocean_post_title_style":"","ocean_post_title_background_color":"","ocean_post_title_background":0,"ocean_post_title_bg_image_position":"","ocean_post_title_bg_image_attachment":"","ocean_post_title_bg_image_repeat":"","ocean_post_title_bg_image_size":"","ocean_post_title_height":0,"ocean_post_title_bg_overlay":0.5,"ocean_post_title_bg_overlay_color":"","ocean_disable_breadcrumbs":"default","ocean_breadcrumbs_color":"","ocean_breadcrumbs_separator_color":"","ocean_breadcrumbs_links_color":"","ocean_breadcrumbs_links_hover_color":"","ocean_display_footer_widgets":"default","ocean_display_footer_bottom":"default","ocean_custom_footer_template":"","ocean_post_oembed":"","ocean_post_self_hosted_media":"","ocean_post_video_embed":"","ocean_link_format":"","ocean_link_format_target":"self","ocean_quote_format":"","ocean_quote_format_link":"post","ocean_gallery_link_images":"on","ocean_gallery_id":[],"footnotes":""},"categories":[33,34],"tags":[18,17,15,14],"class_list":["post-456","post","type-post","status-publish","format-standard","has-post-thumbnail","hentry","category-energetyka-wiatrowa","category-informacje","tag-energetyka-wiatrowa","tag-farmy-wiatrowe","tag-odnawialne-zrodla-energii","tag-oze","entry","has-media"],"_links":{"self":[{"href":"https:\/\/seo.org.pl\/en\/wp-json\/wp\/v2\/posts\/456","targetHints":{"allow":["GET"]}}],"collection":[{"href":"https:\/\/seo.org.pl\/en\/wp-json\/wp\/v2\/posts"}],"about":[{"href":"https:\/\/seo.org.pl\/en\/wp-json\/wp\/v2\/types\/post"}],"author":[{"embeddable":true,"href":"https:\/\/seo.org.pl\/en\/wp-json\/wp\/v2\/users\/1"}],"replies":[{"embeddable":true,"href":"https:\/\/seo.org.pl\/en\/wp-json\/wp\/v2\/comments?post=456"}],"version-history":[{"count":0,"href":"https:\/\/seo.org.pl\/en\/wp-json\/wp\/v2\/posts\/456\/revisions"}],"wp:featuredmedia":[{"embeddable":true,"href":"https:\/\/seo.org.pl\/en\/wp-json\/wp\/v2\/media\/412"}],"wp:attachment":[{"href":"https:\/\/seo.org.pl\/en\/wp-json\/wp\/v2\/media?parent=456"}],"wp:term":[{"taxonomy":"category","embeddable":true,"href":"https:\/\/seo.org.pl\/en\/wp-json\/wp\/v2\/categories?post=456"},{"taxonomy":"post_tag","embeddable":true,"href":"https:\/\/seo.org.pl\/en\/wp-json\/wp\/v2\/tags?post=456"}],"curies":[{"name":"wp","href":"https:\/\/api.w.org\/{rel}","templated":true}]}}