{"id":445,"date":"2016-08-11T13:42:16","date_gmt":"2016-08-11T11:42:16","guid":{"rendered":"http:\/\/seo1.home.pl\/seo_org\/?p=445"},"modified":"2016-09-12T13:46:03","modified_gmt":"2016-09-12T11:46:03","slug":"pge-zrealizuje-tyko-czesc-projektow-wiatrowych","status":"publish","type":"post","link":"https:\/\/seo.org.pl\/en\/pge-zrealizuje-tyko-czesc-projektow-wiatrowych\/","title":{"rendered":"PGE zrealizuje tyko cz\u0119\u015b\u0107 projekt\u00f3w wiatrowych"},"content":{"rendered":"<p>Jak podaje Polska Agencja Prasowa, Polska Grupa Energetyczna analizuje, jak nowe regulacje w zakresie wsparcia dla odnawialnych \u017ar\u00f3de\u0142 energii i inwestycji w zakresie elektrowni wiatrowych wp\u0142yn\u0105 na realizowane przez ni\u0105 projekty farm wiatrowych. Istnieje du\u017ce prawdopodobie\u0144stwo, \u017ce cz\u0119\u015b\u0107 projekt\u00f3w zostanie wstrzymana.<\/p>\n<p>Wiceprezes PGE Ryszard Wasi\u0142ek zapewni\u0142, \u017ce Sp\u00f3\u0142ka nie zamierza rezygnowa\u0107 z realizacji projekt\u00f3w morskich farm wiatrowych. Obecnie trwaj\u0105 badania \u015brodowiskowe prowadzone w ramach kontraktu o warto\u015bci 42 mln z\u0142. Obejmuj\u0105 trzy elementy: przeprowadzenie bada\u0144 \u015brodowiskowych, sporz\u0105dzenie raportu o oddzia\u0142ywaniu przedsi\u0119wzi\u0119cia na \u015brodowisko i uzyskanie decyzji o \u015brodowiskowych uwarunkowaniach dla budowy farmy wiatrowej Baltica o maksymalnej mocy ok. 1040 MW wraz z morsk\u0105 i l\u0105dow\u0105 infrastruktur\u0105 przy\u0142\u0105czeniow\u0105.<\/p>\n<p>Ostateczna decyzja o realizacji przez PGE Energetyka Odnawialna projektu morskiej farmy wiatrowej Baltica ma by\u0107 podj\u0119ta po zako\u0144czeniu bada\u0144 \u015brodowiskowych, co ma nast\u0105pi\u0107 w 2018 r.<\/p>\n<p>\u0179r\u00f3d\u0142o: PAP<\/p>\n","protected":false},"excerpt":{"rendered":"<p>Jak podaje Polska Agencja Prasowa, Polska Grupa Energetyczna analizuje, jak nowe regulacje w zakresie wsparcia dla odnawialnych \u017ar\u00f3de\u0142 energii i inwestycji w zakresie elektrowni wiatrowych wp\u0142yn\u0105 na realizowane przez ni\u0105 projekty farm wiatrowych. Istnieje du\u017ce prawdopodobie\u0144stwo, \u017ce cz\u0119\u015b\u0107 projekt\u00f3w zostanie wstrzymana. Wiceprezes PGE Ryszard Wasi\u0142ek zapewni\u0142, \u017ce Sp\u00f3\u0142ka nie zamierza rezygnowa\u0107 z realizacji projekt\u00f3w morskich [&hellip;]<\/p>\n","protected":false},"author":1,"featured_media":81,"comment_status":"closed","ping_status":"open","sticky":false,"template":"","format":"standard","meta":{"ocean_post_layout":"","ocean_both_sidebars_style":"","ocean_both_sidebars_content_width":0,"ocean_both_sidebars_sidebars_width":0,"ocean_sidebar":"","ocean_second_sidebar":"","ocean_disable_margins":"enable","ocean_add_body_class":"","ocean_shortcode_before_top_bar":"","ocean_shortcode_after_top_bar":"","ocean_shortcode_before_header":"","ocean_shortcode_after_header":"","ocean_has_shortcode":"","ocean_shortcode_after_title":"","ocean_shortcode_before_footer_widgets":"","ocean_shortcode_after_footer_widgets":"","ocean_shortcode_before_footer_bottom":"","ocean_shortcode_after_footer_bottom":"","ocean_display_top_bar":"default","ocean_display_header":"default","ocean_header_style":"","ocean_center_header_left_menu":"","ocean_custom_header_template":"","ocean_custom_logo":0,"ocean_custom_retina_logo":0,"ocean_custom_logo_max_width":0,"ocean_custom_logo_tablet_max_width":0,"ocean_custom_logo_mobile_max_width":0,"ocean_custom_logo_max_height":0,"ocean_custom_logo_tablet_max_height":0,"ocean_custom_logo_mobile_max_height":0,"ocean_header_custom_menu":"","ocean_menu_typo_font_family":"","ocean_menu_typo_font_subset":"","ocean_menu_typo_font_size":0,"ocean_menu_typo_font_size_tablet":0,"ocean_menu_typo_font_size_mobile":0,"ocean_menu_typo_font_size_unit":"px","ocean_menu_typo_font_weight":"","ocean_menu_typo_font_weight_tablet":"","ocean_menu_typo_font_weight_mobile":"","ocean_menu_typo_transform":"","ocean_menu_typo_transform_tablet":"","ocean_menu_typo_transform_mobile":"","ocean_menu_typo_line_height":0,"ocean_menu_typo_line_height_tablet":0,"ocean_menu_typo_line_height_mobile":0,"ocean_menu_typo_line_height_unit":"","ocean_menu_typo_spacing":0,"ocean_menu_typo_spacing_tablet":0,"ocean_menu_typo_spacing_mobile":0,"ocean_menu_typo_spacing_unit":"","ocean_menu_link_color":"","ocean_menu_link_color_hover":"","ocean_menu_link_color_active":"","ocean_menu_link_background":"","ocean_menu_link_hover_background":"","ocean_menu_link_active_background":"","ocean_menu_social_links_bg":"","ocean_menu_social_hover_links_bg":"","ocean_menu_social_links_color":"","ocean_menu_social_hover_links_color":"","ocean_disable_title":"default","ocean_disable_heading":"default","ocean_post_title":"","ocean_post_subheading":"","ocean_post_title_style":"","ocean_post_title_background_color":"","ocean_post_title_background":0,"ocean_post_title_bg_image_position":"","ocean_post_title_bg_image_attachment":"","ocean_post_title_bg_image_repeat":"","ocean_post_title_bg_image_size":"","ocean_post_title_height":0,"ocean_post_title_bg_overlay":0.5,"ocean_post_title_bg_overlay_color":"","ocean_disable_breadcrumbs":"default","ocean_breadcrumbs_color":"","ocean_breadcrumbs_separator_color":"","ocean_breadcrumbs_links_color":"","ocean_breadcrumbs_links_hover_color":"","ocean_display_footer_widgets":"default","ocean_display_footer_bottom":"default","ocean_custom_footer_template":"","ocean_post_oembed":"","ocean_post_self_hosted_media":"","ocean_post_video_embed":"","ocean_link_format":"","ocean_link_format_target":"self","ocean_quote_format":"","ocean_quote_format_link":"post","ocean_gallery_link_images":"on","ocean_gallery_id":[],"footnotes":""},"categories":[33,34],"tags":[18,17,15,14,45],"class_list":["post-445","post","type-post","status-publish","format-standard","has-post-thumbnail","hentry","category-energetyka-wiatrowa","category-informacje","tag-energetyka-wiatrowa","tag-farmy-wiatrowe","tag-odnawialne-zrodla-energii","tag-oze","tag-pge","entry","has-media"],"_links":{"self":[{"href":"https:\/\/seo.org.pl\/en\/wp-json\/wp\/v2\/posts\/445","targetHints":{"allow":["GET"]}}],"collection":[{"href":"https:\/\/seo.org.pl\/en\/wp-json\/wp\/v2\/posts"}],"about":[{"href":"https:\/\/seo.org.pl\/en\/wp-json\/wp\/v2\/types\/post"}],"author":[{"embeddable":true,"href":"https:\/\/seo.org.pl\/en\/wp-json\/wp\/v2\/users\/1"}],"replies":[{"embeddable":true,"href":"https:\/\/seo.org.pl\/en\/wp-json\/wp\/v2\/comments?post=445"}],"version-history":[{"count":0,"href":"https:\/\/seo.org.pl\/en\/wp-json\/wp\/v2\/posts\/445\/revisions"}],"wp:featuredmedia":[{"embeddable":true,"href":"https:\/\/seo.org.pl\/en\/wp-json\/wp\/v2\/media\/81"}],"wp:attachment":[{"href":"https:\/\/seo.org.pl\/en\/wp-json\/wp\/v2\/media?parent=445"}],"wp:term":[{"taxonomy":"category","embeddable":true,"href":"https:\/\/seo.org.pl\/en\/wp-json\/wp\/v2\/categories?post=445"},{"taxonomy":"post_tag","embeddable":true,"href":"https:\/\/seo.org.pl\/en\/wp-json\/wp\/v2\/tags?post=445"}],"curies":[{"name":"wp","href":"https:\/\/api.w.org\/{rel}","templated":true}]}}