{"id":363,"date":"2016-07-26T18:37:35","date_gmt":"2016-07-26T16:37:35","guid":{"rendered":"http:\/\/seo1.home.pl\/seo_org\/?p=363"},"modified":"2016-09-11T18:38:24","modified_gmt":"2016-09-11T16:38:24","slug":"pierwsza-polska-farma-wiatrowa-na-morzu-otrzymala-decyzje-srodowiskowa","status":"publish","type":"post","link":"https:\/\/seo.org.pl\/en\/pierwsza-polska-farma-wiatrowa-na-morzu-otrzymala-decyzje-srodowiskowa\/","title":{"rendered":"Pierwsza polska farma wiatrowa na morzu otrzyma\u0142a decyzj\u0119 \u015brodowiskow\u0105"},"content":{"rendered":"<p>7 lipca 2016 r. Regionalny Dyrektor Ochrony \u015arodowiska w Gda\u0144sku podpisa\u0142 decyzj\u0119 o \u015brodowiskowych uwarunkowaniach dla morskiej farmy wiatrowej \u201eBa\u0142tyk \u015arodkowy III\u201d. Realizowany przez Polenergi\u0119 projekt przewiduje budow\u0119 i eksploatacj\u0119 120 elektrowni wiatrowych, zlokalizowanych w po\u0142udniowej cz\u0119\u015bci Morza Ba\u0142tyckiego, w polskiej wy\u0142\u0105cznej strefie ekonomicznej, w odleg\u0142o\u015bci oko\u0142o 23 km na p\u00f3\u0142noc od linii brzegowej, na wysoko\u015bci gminy Smo\u0142dzino oraz gminy miejskiej \u0141eba (wojew\u00f3dztwo pomorskie). Powierzchnia ca\u0142kowita farmy to prawie 117 km2.<\/p>\n<p>Jak poinformowa\u0142a Regionalna Dyrekcja Ochrony \u015arodowiska w Gda\u0144sku, realizacja projektu \u201eBa\u0142tyk \u015arodkowy III\u201d umo\u017cliwi polskim stoczniom, w Szczecinie i w Gdyni, budow\u0119  fundament\u00f3w i wie\u017c planowanych elektrowni. Przewidywalna maksymalna moc pierwszej w Polsce morskiej farmy wynosi\u0107 b\u0119dzie od 600 do 1200 MW.<\/p>\n<p>Gda\u0144ski RDO\u015a w wydanej decyzji na\u0142o\u017cy\u0142 na inwestora obowi\u0105zek spe\u0142nienia szeregu warunk\u00f3w maj\u0105cych na celu zminimalizowanie oddzia\u0142ywania inwestycji na \u015brodowisko na etapie jej realizacji, eksploatacji i likwidacji. Konieczne jest prowadzenie monitoringu \u015brodowiska, w tym monitoringu oddzia\u0142ywania inwestycji na cele i przedmioty ochrony obszar\u00f3w Natura 2000 oraz ich integralno\u015b\u0107. Monitoringi b\u0119d\u0105 dotyczy\u0142y m.in. przegl\u0105d\u00f3w technicznych fundament\u00f3w i kabli, warunk\u00f3w hydrologicznych oraz bada\u0144 wp\u0142ywu konstrukcji na bentos tj. organizmy zwi\u0105zane ze \u015brodowiskiem morskim, w tym ma\u0142\u017ce, ryby, ssaki morskie, ptaki i nietoperze. W decyzji stwierdzono ponadto konieczno\u015b\u0107 przeprowadzenia ponownej oceny oddzia\u0142ywania na \u015brodowisko, w ramach post\u0119powania o wydanie decyzji o pozwoleniu na budow\u0119.<\/p>\n<p>Pe\u0142na tre\u015b\u0107 decyzji \u015brodowiskowej dost\u0119pna jest <a href=\"http:\/\/gdansk.rdos.gov.pl\/files\/aktualnosci\/60057\/Tresc_decyzji_srodowiskowej_dla_morskiej_farmy_wiatrowej_Baltyk_Srodkowy_III.pdf\" target=\"_blank\">tutaj.<\/a><\/p>\n","protected":false},"excerpt":{"rendered":"<p>7 lipca 2016 r. Regionalny Dyrektor Ochrony \u015arodowiska w Gda\u0144sku podpisa\u0142 decyzj\u0119 o \u015brodowiskowych uwarunkowaniach dla morskiej farmy wiatrowej \u201eBa\u0142tyk \u015arodkowy III\u201d. Realizowany przez Polenergi\u0119 projekt przewiduje budow\u0119 i eksploatacj\u0119 120 elektrowni wiatrowych, zlokalizowanych w po\u0142udniowej cz\u0119\u015bci Morza Ba\u0142tyckiego, w polskiej wy\u0142\u0105cznej strefie ekonomicznej, w odleg\u0142o\u015bci oko\u0142o 23 km na p\u00f3\u0142noc od linii brzegowej, na [&hellip;]<\/p>\n","protected":false},"author":1,"featured_media":72,"comment_status":"closed","ping_status":"open","sticky":false,"template":"","format":"standard","meta":{"ocean_post_layout":"","ocean_both_sidebars_style":"","ocean_both_sidebars_content_width":0,"ocean_both_sidebars_sidebars_width":0,"ocean_sidebar":"","ocean_second_sidebar":"","ocean_disable_margins":"enable","ocean_add_body_class":"","ocean_shortcode_before_top_bar":"","ocean_shortcode_after_top_bar":"","ocean_shortcode_before_header":"","ocean_shortcode_after_header":"","ocean_has_shortcode":"","ocean_shortcode_after_title":"","ocean_shortcode_before_footer_widgets":"","ocean_shortcode_after_footer_widgets":"","ocean_shortcode_before_footer_bottom":"","ocean_shortcode_after_footer_bottom":"","ocean_display_top_bar":"default","ocean_display_header":"default","ocean_header_style":"","ocean_center_header_left_menu":"","ocean_custom_header_template":"","ocean_custom_logo":0,"ocean_custom_retina_logo":0,"ocean_custom_logo_max_width":0,"ocean_custom_logo_tablet_max_width":0,"ocean_custom_logo_mobile_max_width":0,"ocean_custom_logo_max_height":0,"ocean_custom_logo_tablet_max_height":0,"ocean_custom_logo_mobile_max_height":0,"ocean_header_custom_menu":"","ocean_menu_typo_font_family":"","ocean_menu_typo_font_subset":"","ocean_menu_typo_font_size":0,"ocean_menu_typo_font_size_tablet":0,"ocean_menu_typo_font_size_mobile":0,"ocean_menu_typo_font_size_unit":"px","ocean_menu_typo_font_weight":"","ocean_menu_typo_font_weight_tablet":"","ocean_menu_typo_font_weight_mobile":"","ocean_menu_typo_transform":"","ocean_menu_typo_transform_tablet":"","ocean_menu_typo_transform_mobile":"","ocean_menu_typo_line_height":0,"ocean_menu_typo_line_height_tablet":0,"ocean_menu_typo_line_height_mobile":0,"ocean_menu_typo_line_height_unit":"","ocean_menu_typo_spacing":0,"ocean_menu_typo_spacing_tablet":0,"ocean_menu_typo_spacing_mobile":0,"ocean_menu_typo_spacing_unit":"","ocean_menu_link_color":"","ocean_menu_link_color_hover":"","ocean_menu_link_color_active":"","ocean_menu_link_background":"","ocean_menu_link_hover_background":"","ocean_menu_link_active_background":"","ocean_menu_social_links_bg":"","ocean_menu_social_hover_links_bg":"","ocean_menu_social_links_color":"","ocean_menu_social_hover_links_color":"","ocean_disable_title":"default","ocean_disable_heading":"default","ocean_post_title":"","ocean_post_subheading":"","ocean_post_title_style":"","ocean_post_title_background_color":"","ocean_post_title_background":0,"ocean_post_title_bg_image_position":"","ocean_post_title_bg_image_attachment":"","ocean_post_title_bg_image_repeat":"","ocean_post_title_bg_image_size":"","ocean_post_title_height":0,"ocean_post_title_bg_overlay":0.5,"ocean_post_title_bg_overlay_color":"","ocean_disable_breadcrumbs":"default","ocean_breadcrumbs_color":"","ocean_breadcrumbs_separator_color":"","ocean_breadcrumbs_links_color":"","ocean_breadcrumbs_links_hover_color":"","ocean_display_footer_widgets":"default","ocean_display_footer_bottom":"default","ocean_custom_footer_template":"","ocean_post_oembed":"","ocean_post_self_hosted_media":"","ocean_post_video_embed":"","ocean_link_format":"","ocean_link_format_target":"self","ocean_quote_format":"","ocean_quote_format_link":"post","ocean_gallery_link_images":"on","ocean_gallery_id":[],"footnotes":""},"categories":[33,34],"tags":[18,17,15,14],"class_list":["post-363","post","type-post","status-publish","format-standard","has-post-thumbnail","hentry","category-energetyka-wiatrowa","category-informacje","tag-energetyka-wiatrowa","tag-farmy-wiatrowe","tag-odnawialne-zrodla-energii","tag-oze","entry","has-media"],"_links":{"self":[{"href":"https:\/\/seo.org.pl\/en\/wp-json\/wp\/v2\/posts\/363","targetHints":{"allow":["GET"]}}],"collection":[{"href":"https:\/\/seo.org.pl\/en\/wp-json\/wp\/v2\/posts"}],"about":[{"href":"https:\/\/seo.org.pl\/en\/wp-json\/wp\/v2\/types\/post"}],"author":[{"embeddable":true,"href":"https:\/\/seo.org.pl\/en\/wp-json\/wp\/v2\/users\/1"}],"replies":[{"embeddable":true,"href":"https:\/\/seo.org.pl\/en\/wp-json\/wp\/v2\/comments?post=363"}],"version-history":[{"count":0,"href":"https:\/\/seo.org.pl\/en\/wp-json\/wp\/v2\/posts\/363\/revisions"}],"wp:featuredmedia":[{"embeddable":true,"href":"https:\/\/seo.org.pl\/en\/wp-json\/wp\/v2\/media\/72"}],"wp:attachment":[{"href":"https:\/\/seo.org.pl\/en\/wp-json\/wp\/v2\/media?parent=363"}],"wp:term":[{"taxonomy":"category","embeddable":true,"href":"https:\/\/seo.org.pl\/en\/wp-json\/wp\/v2\/categories?post=363"},{"taxonomy":"post_tag","embeddable":true,"href":"https:\/\/seo.org.pl\/en\/wp-json\/wp\/v2\/tags?post=363"}],"curies":[{"name":"wp","href":"https:\/\/api.w.org\/{rel}","templated":true}]}}