{"id":356,"date":"2016-07-25T18:32:02","date_gmt":"2016-07-25T16:32:02","guid":{"rendered":"http:\/\/seo1.home.pl\/seo_org\/?p=356"},"modified":"2016-09-12T16:42:54","modified_gmt":"2016-09-12T14:42:54","slug":"barcelona-bedzie-kupowac-energie-od-prosumentow","status":"publish","type":"post","link":"https:\/\/seo.org.pl\/en\/barcelona-bedzie-kupowac-energie-od-prosumentow\/","title":{"rendered":"Barcelona b\u0119dzie kupowa\u0107 energi\u0119 od prosument\u00f3w"},"content":{"rendered":"<p>Jak informuje portal gramwzielone.pl, Burmistrz Barcelony Ada Colau zapowiedzia\u0142a powo\u0142anie miejskiej sp\u00f3\u0142ki, kt\u00f3rej zadaniem b\u0119dzie kupno i sprzeda\u017c energii z OZE wytwarzanej przez podmioty nale\u017c\u0105ce do miasta oraz obywateli. Sp\u00f3\u0142ka ma rozpocz\u0105\u0107 dzia\u0142anie jesieni\u0105 2018 roku.<\/p>\n<p>W\u0142adze miasta informuj\u0105, \u017ce jest to odpowied\u017a Katalonii na nowe regulacje wprowadzone przez w\u0142adze centraln\u0105, kt\u00f3re doprowadzi\u0142y do wyhamowania rozwoju energetyki OZE \u2013 Barcelona chce przewodzi\u0107 transformacji energetycznej i walczy\u0107 z dekretem o autokonsumpcji, kt\u00f3ry uznajemy za niesprawiedliwy. Sko\u0144czy\u0142 si\u0119 czas tworzenia strachu wok\u00f3\u0142 autokonsumpcji \u2013 komentuje na \u0142amach &#8220;El Pais&#8221; Janet Sanz z barcelo\u0144skiego magistratu, odnosz\u0105c si\u0119 do rz\u0105dowego dekretu, kt\u00f3ry wprowadzono w Hiszpanii jesieni\u0105 ubieg\u0142ego roku i kt\u00f3ry obci\u0105\u017ca hiszpa\u0144skich prosument\u00f3w za autokonsumpcj\u0119 wyprodukowanej przez nich energii.<\/p>\n<p>W\u0142adze Barcelony najpierw przeanalizuj\u0105 potencja\u0142 OZE w mie\u015bcie i okre\u015bl\u0105 mo\u017cliwo\u015bci jego rozwoju. Stolica Katalonii chce ponadto przeznaczy\u0107 dodatkowe \u015brodki na dzia\u0142ania z zakresu poprawy efektywno\u015bci energetycznej, upro\u015bci\u0107 procedury inwestowania w domowe elektrownie OZE, a tak\u017ce zarezerwowa\u0107 fundusze na kampanie edukacyjne i szkolenia dla instalator\u00f3w. Bud\u017cet na te dzia\u0142ania ma si\u0119gn\u0105\u0107 130 mln euro.<\/p>\n","protected":false},"excerpt":{"rendered":"<p>Jak informuje portal gramwzielone.pl, Burmistrz Barcelony Ada Colau zapowiedzia\u0142a powo\u0142anie miejskiej sp\u00f3\u0142ki, kt\u00f3rej zadaniem b\u0119dzie kupno i sprzeda\u017c energii z OZE wytwarzanej przez podmioty nale\u017c\u0105ce do miasta oraz obywateli. Sp\u00f3\u0142ka ma rozpocz\u0105\u0107 dzia\u0142anie jesieni\u0105 2018 roku. W\u0142adze miasta informuj\u0105, \u017ce jest to odpowied\u017a Katalonii na nowe regulacje wprowadzone przez w\u0142adze centraln\u0105, kt\u00f3re doprowadzi\u0142y do wyhamowania [&hellip;]<\/p>\n","protected":false},"author":1,"featured_media":492,"comment_status":"closed","ping_status":"open","sticky":false,"template":"","format":"standard","meta":{"ocean_post_layout":"","ocean_both_sidebars_style":"","ocean_both_sidebars_content_width":0,"ocean_both_sidebars_sidebars_width":0,"ocean_sidebar":"","ocean_second_sidebar":"","ocean_disable_margins":"enable","ocean_add_body_class":"","ocean_shortcode_before_top_bar":"","ocean_shortcode_after_top_bar":"","ocean_shortcode_before_header":"","ocean_shortcode_after_header":"","ocean_has_shortcode":"","ocean_shortcode_after_title":"","ocean_shortcode_before_footer_widgets":"","ocean_shortcode_after_footer_widgets":"","ocean_shortcode_before_footer_bottom":"","ocean_shortcode_after_footer_bottom":"","ocean_display_top_bar":"default","ocean_display_header":"default","ocean_header_style":"","ocean_center_header_left_menu":"","ocean_custom_header_template":"","ocean_custom_logo":0,"ocean_custom_retina_logo":0,"ocean_custom_logo_max_width":0,"ocean_custom_logo_tablet_max_width":0,"ocean_custom_logo_mobile_max_width":0,"ocean_custom_logo_max_height":0,"ocean_custom_logo_tablet_max_height":0,"ocean_custom_logo_mobile_max_height":0,"ocean_header_custom_menu":"","ocean_menu_typo_font_family":"","ocean_menu_typo_font_subset":"","ocean_menu_typo_font_size":0,"ocean_menu_typo_font_size_tablet":0,"ocean_menu_typo_font_size_mobile":0,"ocean_menu_typo_font_size_unit":"px","ocean_menu_typo_font_weight":"","ocean_menu_typo_font_weight_tablet":"","ocean_menu_typo_font_weight_mobile":"","ocean_menu_typo_transform":"","ocean_menu_typo_transform_tablet":"","ocean_menu_typo_transform_mobile":"","ocean_menu_typo_line_height":0,"ocean_menu_typo_line_height_tablet":0,"ocean_menu_typo_line_height_mobile":0,"ocean_menu_typo_line_height_unit":"","ocean_menu_typo_spacing":0,"ocean_menu_typo_spacing_tablet":0,"ocean_menu_typo_spacing_mobile":0,"ocean_menu_typo_spacing_unit":"","ocean_menu_link_color":"","ocean_menu_link_color_hover":"","ocean_menu_link_color_active":"","ocean_menu_link_background":"","ocean_menu_link_hover_background":"","ocean_menu_link_active_background":"","ocean_menu_social_links_bg":"","ocean_menu_social_hover_links_bg":"","ocean_menu_social_links_color":"","ocean_menu_social_hover_links_color":"","ocean_disable_title":"default","ocean_disable_heading":"default","ocean_post_title":"","ocean_post_subheading":"","ocean_post_title_style":"","ocean_post_title_background_color":"","ocean_post_title_background":0,"ocean_post_title_bg_image_position":"","ocean_post_title_bg_image_attachment":"","ocean_post_title_bg_image_repeat":"","ocean_post_title_bg_image_size":"","ocean_post_title_height":0,"ocean_post_title_bg_overlay":0.5,"ocean_post_title_bg_overlay_color":"","ocean_disable_breadcrumbs":"default","ocean_breadcrumbs_color":"","ocean_breadcrumbs_separator_color":"","ocean_breadcrumbs_links_color":"","ocean_breadcrumbs_links_hover_color":"","ocean_display_footer_widgets":"default","ocean_display_footer_bottom":"default","ocean_custom_footer_template":"","ocean_post_oembed":"","ocean_post_self_hosted_media":"","ocean_post_video_embed":"","ocean_link_format":"","ocean_link_format_target":"self","ocean_quote_format":"","ocean_quote_format_link":"post","ocean_gallery_link_images":"on","ocean_gallery_id":[],"footnotes":""},"categories":[34],"tags":[15,14],"class_list":["post-356","post","type-post","status-publish","format-standard","has-post-thumbnail","hentry","category-informacje","tag-odnawialne-zrodla-energii","tag-oze","entry","has-media"],"_links":{"self":[{"href":"https:\/\/seo.org.pl\/en\/wp-json\/wp\/v2\/posts\/356","targetHints":{"allow":["GET"]}}],"collection":[{"href":"https:\/\/seo.org.pl\/en\/wp-json\/wp\/v2\/posts"}],"about":[{"href":"https:\/\/seo.org.pl\/en\/wp-json\/wp\/v2\/types\/post"}],"author":[{"embeddable":true,"href":"https:\/\/seo.org.pl\/en\/wp-json\/wp\/v2\/users\/1"}],"replies":[{"embeddable":true,"href":"https:\/\/seo.org.pl\/en\/wp-json\/wp\/v2\/comments?post=356"}],"version-history":[{"count":0,"href":"https:\/\/seo.org.pl\/en\/wp-json\/wp\/v2\/posts\/356\/revisions"}],"wp:featuredmedia":[{"embeddable":true,"href":"https:\/\/seo.org.pl\/en\/wp-json\/wp\/v2\/media\/492"}],"wp:attachment":[{"href":"https:\/\/seo.org.pl\/en\/wp-json\/wp\/v2\/media?parent=356"}],"wp:term":[{"taxonomy":"category","embeddable":true,"href":"https:\/\/seo.org.pl\/en\/wp-json\/wp\/v2\/categories?post=356"},{"taxonomy":"post_tag","embeddable":true,"href":"https:\/\/seo.org.pl\/en\/wp-json\/wp\/v2\/tags?post=356"}],"curies":[{"name":"wp","href":"https:\/\/api.w.org\/{rel}","templated":true}]}}