{"id":345,"date":"2016-07-19T18:23:45","date_gmt":"2016-07-19T16:23:45","guid":{"rendered":"http:\/\/seo1.home.pl\/seo_org\/?p=345"},"modified":"2016-09-11T18:24:43","modified_gmt":"2016-09-11T16:24:43","slug":"ke-bedzie-wsparcie-dla-produkcji-energii-z-fal-i-plywow-morskich","status":"publish","type":"post","link":"https:\/\/seo.org.pl\/en\/ke-bedzie-wsparcie-dla-produkcji-energii-z-fal-i-plywow-morskich\/","title":{"rendered":"KE: b\u0119dzie wsparcie dla produkcji energii z fal i p\u0142yw\u00f3w morskich"},"content":{"rendered":"<p>W ubieg\u0142ym tygodniu na Malcie odby\u0142a si\u0119 konferencja Offshore Energy &#038; Storage Symposium. Obecny na niej Karmenu Vella, komisarz unijny ds. \u015brodowiska, gospodarki morskiej i rybo\u0142\u00f3stwa zapewni\u0142, \u017ce Komisja Europejska zamierza aktywnie wspiera\u0107 technologie pozwalaj\u0105ce na produkcj\u0119 energii z fal i p\u0142yw\u00f3w morskich. <\/p>\n<p>Komisarz UE stwierdzi\u0142, \u017ce rozw\u00f3j OZE, w tym energii z fal i p\u0142yw\u00f3w wpisuje si\u0119 w polityk\u0119 Komisji Europejskiej, skupiaj\u0105cej si\u0119 przede wszystkim na tworzeniu miejsc pracy i wzro\u015bcie ekonomicznym. Istotny ma by\u0107 tak\u017ce kontekst polityczny, zgodnie z porozumieniem paryskim Unia Europejska zobowi\u0105za\u0142a si\u0119 do zwi\u0119kszenia udzia\u0142u OZE w swoim miksie energetycznym do 20% w 2020 roku i 27% w 2030 roku.<\/p>\n<p>Karmenu Vella wspomnia\u0142 o barierach stoj\u0105cych na drodze do rozwoju potrzebnych technologii, wymieniaj\u0105c m.in. trudno\u015bci z pozyskiwaniem kapita\u0142u czy komercjalizacj\u0105 nowych technologii. Jak m\u00f3wi\u0142 unijny komisarz, aby pokona\u0107 te bariery Bruksela utworzy\u0142a w 2014 r. Ocean Energy Forum \u2013 platform\u0119 maj\u0105c\u0105 s\u0142u\u017cy\u0107 wsp\u00f3\u0142pracy firm i decydent\u00f3w, w ramach kt\u00f3rej opracowana b\u0119dzie unijna strategia dla sektora energetyki morskiej. Plan jej rozwoju ma zosta\u0107 przedstawiony do ko\u0144ca tego roku.<\/p>\n<p>Komisja Europejska zapowiada ponadto stworzenie mechanizm\u00f3w finansowania rozwoju technologii produkcji energii z wykorzystaniem fal czy pr\u0105d\u00f3w morskich, w tym w ramach tzw. planu Junckera i we wsp\u00f3\u0142pracy z Europejskim Bankiem Inwestycyjnym.<\/p>\n<p>Pilota\u017cowe projekty w tym zakresie s\u0105 tak\u017ce finansowane m.in. z unijnego programu Horyzont 2020.<\/p>\n<p>[su_button url=&#8221;http:\/\/ec.europa.eu\/commission\/2014-2019\/vella\/announcements\/offshore-energy-storage-symposium-malta_en&#8221; target=&#8221;blank&#8221; background=&#8221;#bac403&#8243; radius=&#8221;0&#8243;]WI\u0118CEJ[\/su_button]<\/p>\n","protected":false},"excerpt":{"rendered":"<p>W ubieg\u0142ym tygodniu na Malcie odby\u0142a si\u0119 konferencja Offshore Energy &#038; Storage Symposium. Obecny na niej Karmenu Vella, komisarz unijny ds. \u015brodowiska, gospodarki morskiej i rybo\u0142\u00f3stwa zapewni\u0142, \u017ce Komisja Europejska zamierza aktywnie wspiera\u0107 technologie pozwalaj\u0105ce na produkcj\u0119 energii z fal i p\u0142yw\u00f3w morskich. Komisarz UE stwierdzi\u0142, \u017ce rozw\u00f3j OZE, w tym energii z fal i [&hellip;]<\/p>\n","protected":false},"author":1,"featured_media":41,"comment_status":"closed","ping_status":"open","sticky":false,"template":"","format":"standard","meta":{"ocean_post_layout":"","ocean_both_sidebars_style":"","ocean_both_sidebars_content_width":0,"ocean_both_sidebars_sidebars_width":0,"ocean_sidebar":"","ocean_second_sidebar":"","ocean_disable_margins":"enable","ocean_add_body_class":"","ocean_shortcode_before_top_bar":"","ocean_shortcode_after_top_bar":"","ocean_shortcode_before_header":"","ocean_shortcode_after_header":"","ocean_has_shortcode":"","ocean_shortcode_after_title":"","ocean_shortcode_before_footer_widgets":"","ocean_shortcode_after_footer_widgets":"","ocean_shortcode_before_footer_bottom":"","ocean_shortcode_after_footer_bottom":"","ocean_display_top_bar":"default","ocean_display_header":"default","ocean_header_style":"","ocean_center_header_left_menu":"","ocean_custom_header_template":"","ocean_custom_logo":0,"ocean_custom_retina_logo":0,"ocean_custom_logo_max_width":0,"ocean_custom_logo_tablet_max_width":0,"ocean_custom_logo_mobile_max_width":0,"ocean_custom_logo_max_height":0,"ocean_custom_logo_tablet_max_height":0,"ocean_custom_logo_mobile_max_height":0,"ocean_header_custom_menu":"","ocean_menu_typo_font_family":"","ocean_menu_typo_font_subset":"","ocean_menu_typo_font_size":0,"ocean_menu_typo_font_size_tablet":0,"ocean_menu_typo_font_size_mobile":0,"ocean_menu_typo_font_size_unit":"px","ocean_menu_typo_font_weight":"","ocean_menu_typo_font_weight_tablet":"","ocean_menu_typo_font_weight_mobile":"","ocean_menu_typo_transform":"","ocean_menu_typo_transform_tablet":"","ocean_menu_typo_transform_mobile":"","ocean_menu_typo_line_height":0,"ocean_menu_typo_line_height_tablet":0,"ocean_menu_typo_line_height_mobile":0,"ocean_menu_typo_line_height_unit":"","ocean_menu_typo_spacing":0,"ocean_menu_typo_spacing_tablet":0,"ocean_menu_typo_spacing_mobile":0,"ocean_menu_typo_spacing_unit":"","ocean_menu_link_color":"","ocean_menu_link_color_hover":"","ocean_menu_link_color_active":"","ocean_menu_link_background":"","ocean_menu_link_hover_background":"","ocean_menu_link_active_background":"","ocean_menu_social_links_bg":"","ocean_menu_social_hover_links_bg":"","ocean_menu_social_links_color":"","ocean_menu_social_hover_links_color":"","ocean_disable_title":"default","ocean_disable_heading":"default","ocean_post_title":"","ocean_post_subheading":"","ocean_post_title_style":"","ocean_post_title_background_color":"","ocean_post_title_background":0,"ocean_post_title_bg_image_position":"","ocean_post_title_bg_image_attachment":"","ocean_post_title_bg_image_repeat":"","ocean_post_title_bg_image_size":"","ocean_post_title_height":0,"ocean_post_title_bg_overlay":0.5,"ocean_post_title_bg_overlay_color":"","ocean_disable_breadcrumbs":"default","ocean_breadcrumbs_color":"","ocean_breadcrumbs_separator_color":"","ocean_breadcrumbs_links_color":"","ocean_breadcrumbs_links_hover_color":"","ocean_display_footer_widgets":"default","ocean_display_footer_bottom":"default","ocean_custom_footer_template":"","ocean_post_oembed":"","ocean_post_self_hosted_media":"","ocean_post_video_embed":"","ocean_link_format":"","ocean_link_format_target":"self","ocean_quote_format":"","ocean_quote_format_link":"post","ocean_gallery_link_images":"on","ocean_gallery_id":[],"footnotes":""},"categories":[38,34],"tags":[19,15,14],"class_list":["post-345","post","type-post","status-publish","format-standard","has-post-thumbnail","hentry","category-energetyka-wodna","category-informacje","tag-energetyka-wodna","tag-odnawialne-zrodla-energii","tag-oze","entry","has-media"],"_links":{"self":[{"href":"https:\/\/seo.org.pl\/en\/wp-json\/wp\/v2\/posts\/345","targetHints":{"allow":["GET"]}}],"collection":[{"href":"https:\/\/seo.org.pl\/en\/wp-json\/wp\/v2\/posts"}],"about":[{"href":"https:\/\/seo.org.pl\/en\/wp-json\/wp\/v2\/types\/post"}],"author":[{"embeddable":true,"href":"https:\/\/seo.org.pl\/en\/wp-json\/wp\/v2\/users\/1"}],"replies":[{"embeddable":true,"href":"https:\/\/seo.org.pl\/en\/wp-json\/wp\/v2\/comments?post=345"}],"version-history":[{"count":0,"href":"https:\/\/seo.org.pl\/en\/wp-json\/wp\/v2\/posts\/345\/revisions"}],"wp:featuredmedia":[{"embeddable":true,"href":"https:\/\/seo.org.pl\/en\/wp-json\/wp\/v2\/media\/41"}],"wp:attachment":[{"href":"https:\/\/seo.org.pl\/en\/wp-json\/wp\/v2\/media?parent=345"}],"wp:term":[{"taxonomy":"category","embeddable":true,"href":"https:\/\/seo.org.pl\/en\/wp-json\/wp\/v2\/categories?post=345"},{"taxonomy":"post_tag","embeddable":true,"href":"https:\/\/seo.org.pl\/en\/wp-json\/wp\/v2\/tags?post=345"}],"curies":[{"name":"wp","href":"https:\/\/api.w.org\/{rel}","templated":true}]}}