{"id":316,"date":"2016-07-05T18:00:50","date_gmt":"2016-07-05T16:00:50","guid":{"rendered":"http:\/\/seo1.home.pl\/seo_org\/?p=316"},"modified":"2016-09-11T18:01:51","modified_gmt":"2016-09-11T16:01:51","slug":"ruszaja-konsultacje-me-dot-stworzenia-rynku-mocy","status":"publish","type":"post","link":"https:\/\/seo.org.pl\/en\/ruszaja-konsultacje-me-dot-stworzenia-rynku-mocy\/","title":{"rendered":"Ruszaj\u0105 konsultacje ME dot. stworzenia rynku mocy"},"content":{"rendered":"<p>Ministerstwo Energii rozpocz\u0119\u0142o konsultacje spo\u0142eczne dot. stworzenia w Polsce rynku mocy. Potrwaj\u0105 one dwa tygodnie. W poniedzia\u0142ek podczas konferencji po\u015bwi\u0119conej projektowi rynku mocy minister Krzysztof Tch\u00f3rzewski zapowiedzia\u0142, \u017ce projekt ustawy w tej sprawie mia\u0142by by\u0107 gotowy jeszcze w tym roku, tak aby nowe rozwi\u0105zania zacz\u0119\u0142y obowi\u0105zywa\u0107 od 2017 r.<\/p>\n<p>Zgodnie z przedstawionym harmonogramem, pierwsza aukcja w ramach rynku mocy mia\u0142aby zosta\u0107 przeprowadzona na pocz\u0105tku nowego roku, a zakontraktowana w ten spos\u00f3b energia pojawi\u0142aby si\u0119 w systemie w 2021 r.<\/p>\n<p>Szef resortu energii podkre\u015bli\u0142, \u017ce celem wprowadzenia rynku mocy jest zapewnienie ci\u0105g\u0142o\u015bci i stabilno\u015bci dostaw energii. (&#8230;) Jego kluczowym zadaniem b\u0119dzie stworzenie zach\u0119t do podejmowania decyzji inwestycyjnych i modernizacyjnych. Minister energii stwierdzi\u0142, \u017ce rynek energii w Polsce jest obecnie zak\u0142\u00f3cony systemami wsparcia OZE i niezmieniony spowoduje niewystarczolno\u015b\u0107 mocy i uzale\u017cnienie Polski od importu energii.<\/p>\n<p>Projekt rozwi\u0105za\u0144 funkcjonalnych rynku mocy dost\u0119pny jest <a href=\"http:\/\/www.me.gov.pl\/files\/upload\/26170\/Projekt%20rozwi%C4%85za%C5%84%20funkcjonalnych%20rynku%20mocy_final.pdf\" target=\"_blank\">tutaj.<\/a><\/p>\n<p><a href=\"http:\/\/www.me.gov.pl\/files\/upload\/26169\/20160704_Prezentacja%20Eryk%20K%C5%82ossowski.pdf\" target=\"_blank\">Prezentacja PSE dot. rynku mocy<\/a><\/p>\n<p><a href=\"http:\/\/www.me.gov.pl\/files\/upload\/26169\/20160704%20Projekt%20Rynku%20Mocy%20-%20Spotkanie%20konsultacyjne.pdf\" target=\"_blank\">Prezentacja ze spotkania otwieraj\u0105cego proces konsultacji<\/a><\/p>\n","protected":false},"excerpt":{"rendered":"<p>Ministerstwo Energii rozpocz\u0119\u0142o konsultacje spo\u0142eczne dot. stworzenia w Polsce rynku mocy. Potrwaj\u0105 one dwa tygodnie. W poniedzia\u0142ek podczas konferencji po\u015bwi\u0119conej projektowi rynku mocy minister Krzysztof Tch\u00f3rzewski zapowiedzia\u0142, \u017ce projekt ustawy w tej sprawie mia\u0142by by\u0107 gotowy jeszcze w tym roku, tak aby nowe rozwi\u0105zania zacz\u0119\u0142y obowi\u0105zywa\u0107 od 2017 r. Zgodnie z przedstawionym harmonogramem, pierwsza aukcja [&hellip;]<\/p>\n","protected":false},"author":1,"featured_media":100,"comment_status":"closed","ping_status":"open","sticky":false,"template":"","format":"standard","meta":{"ocean_post_layout":"","ocean_both_sidebars_style":"","ocean_both_sidebars_content_width":0,"ocean_both_sidebars_sidebars_width":0,"ocean_sidebar":"","ocean_second_sidebar":"","ocean_disable_margins":"enable","ocean_add_body_class":"","ocean_shortcode_before_top_bar":"","ocean_shortcode_after_top_bar":"","ocean_shortcode_before_header":"","ocean_shortcode_after_header":"","ocean_has_shortcode":"","ocean_shortcode_after_title":"","ocean_shortcode_before_footer_widgets":"","ocean_shortcode_after_footer_widgets":"","ocean_shortcode_before_footer_bottom":"","ocean_shortcode_after_footer_bottom":"","ocean_display_top_bar":"default","ocean_display_header":"default","ocean_header_style":"","ocean_center_header_left_menu":"","ocean_custom_header_template":"","ocean_custom_logo":0,"ocean_custom_retina_logo":0,"ocean_custom_logo_max_width":0,"ocean_custom_logo_tablet_max_width":0,"ocean_custom_logo_mobile_max_width":0,"ocean_custom_logo_max_height":0,"ocean_custom_logo_tablet_max_height":0,"ocean_custom_logo_mobile_max_height":0,"ocean_header_custom_menu":"","ocean_menu_typo_font_family":"","ocean_menu_typo_font_subset":"","ocean_menu_typo_font_size":0,"ocean_menu_typo_font_size_tablet":0,"ocean_menu_typo_font_size_mobile":0,"ocean_menu_typo_font_size_unit":"px","ocean_menu_typo_font_weight":"","ocean_menu_typo_font_weight_tablet":"","ocean_menu_typo_font_weight_mobile":"","ocean_menu_typo_transform":"","ocean_menu_typo_transform_tablet":"","ocean_menu_typo_transform_mobile":"","ocean_menu_typo_line_height":0,"ocean_menu_typo_line_height_tablet":0,"ocean_menu_typo_line_height_mobile":0,"ocean_menu_typo_line_height_unit":"","ocean_menu_typo_spacing":0,"ocean_menu_typo_spacing_tablet":0,"ocean_menu_typo_spacing_mobile":0,"ocean_menu_typo_spacing_unit":"","ocean_menu_link_color":"","ocean_menu_link_color_hover":"","ocean_menu_link_color_active":"","ocean_menu_link_background":"","ocean_menu_link_hover_background":"","ocean_menu_link_active_background":"","ocean_menu_social_links_bg":"","ocean_menu_social_hover_links_bg":"","ocean_menu_social_links_color":"","ocean_menu_social_hover_links_color":"","ocean_disable_title":"default","ocean_disable_heading":"default","ocean_post_title":"","ocean_post_subheading":"","ocean_post_title_style":"","ocean_post_title_background_color":"","ocean_post_title_background":0,"ocean_post_title_bg_image_position":"","ocean_post_title_bg_image_attachment":"","ocean_post_title_bg_image_repeat":"","ocean_post_title_bg_image_size":"","ocean_post_title_height":0,"ocean_post_title_bg_overlay":0.5,"ocean_post_title_bg_overlay_color":"","ocean_disable_breadcrumbs":"default","ocean_breadcrumbs_color":"","ocean_breadcrumbs_separator_color":"","ocean_breadcrumbs_links_color":"","ocean_breadcrumbs_links_hover_color":"","ocean_display_footer_widgets":"default","ocean_display_footer_bottom":"default","ocean_custom_footer_template":"","ocean_post_oembed":"","ocean_post_self_hosted_media":"","ocean_post_video_embed":"","ocean_link_format":"","ocean_link_format_target":"self","ocean_quote_format":"","ocean_quote_format_link":"post","ocean_gallery_link_images":"on","ocean_gallery_id":[],"footnotes":""},"categories":[34],"tags":[23,22],"class_list":["post-316","post","type-post","status-publish","format-standard","has-post-thumbnail","hentry","category-informacje","tag-ministerstwo-energetyki","tag-rynek-mocy","entry","has-media"],"_links":{"self":[{"href":"https:\/\/seo.org.pl\/en\/wp-json\/wp\/v2\/posts\/316","targetHints":{"allow":["GET"]}}],"collection":[{"href":"https:\/\/seo.org.pl\/en\/wp-json\/wp\/v2\/posts"}],"about":[{"href":"https:\/\/seo.org.pl\/en\/wp-json\/wp\/v2\/types\/post"}],"author":[{"embeddable":true,"href":"https:\/\/seo.org.pl\/en\/wp-json\/wp\/v2\/users\/1"}],"replies":[{"embeddable":true,"href":"https:\/\/seo.org.pl\/en\/wp-json\/wp\/v2\/comments?post=316"}],"version-history":[{"count":0,"href":"https:\/\/seo.org.pl\/en\/wp-json\/wp\/v2\/posts\/316\/revisions"}],"wp:featuredmedia":[{"embeddable":true,"href":"https:\/\/seo.org.pl\/en\/wp-json\/wp\/v2\/media\/100"}],"wp:attachment":[{"href":"https:\/\/seo.org.pl\/en\/wp-json\/wp\/v2\/media?parent=316"}],"wp:term":[{"taxonomy":"category","embeddable":true,"href":"https:\/\/seo.org.pl\/en\/wp-json\/wp\/v2\/categories?post=316"},{"taxonomy":"post_tag","embeddable":true,"href":"https:\/\/seo.org.pl\/en\/wp-json\/wp\/v2\/tags?post=316"}],"curies":[{"name":"wp","href":"https:\/\/api.w.org\/{rel}","templated":true}]}}