{"id":1908,"date":"2017-09-29T11:30:46","date_gmt":"2017-09-29T09:30:46","guid":{"rendered":"http:\/\/seo.org.pl\/?p=1908"},"modified":"2017-09-29T14:45:40","modified_gmt":"2017-09-29T12:45:40","slug":"spotkania-kooperacyjne-w-ramach-renexpo-poland-2017","status":"publish","type":"post","link":"https:\/\/seo.org.pl\/en\/spotkania-kooperacyjne-w-ramach-renexpo-poland-2017\/","title":{"rendered":"Spotkania kooperacyjne w ramach RENEXPO POLAND 2017"},"content":{"rendered":"<p>O\u015brodek Enterprise Europe Network dzia\u0142aj\u0105cy przy Podlaskiej Fundacji Rozwoju Regionalnego co roku organizuje w ramach targ\u00f3w RENXPO Poland <a href=\"https:\/\/www.b2match.eu\/renexpo-pl-2017\">gie\u0142d\u0119 kooperacyjn\u0105<\/a>. S\u0105 to tak zwane szybkie randki dla biznesu \u2013 firmy rejestruj\u0105 si\u0119 na portalu i spo\u015br\u00f3d innych zarejestrowanych podmiot\u00f3w wybieraj\u0105 partner\u00f3w do rozm\u00f3w, same r\u00f3wnie\u017c mog\u0105 by\u0107 wybierane. Bezpo\u015brednio przed gie\u0142d\u0105 uczestnicy otrzymuj\u0105 harmonogram spotka\u0144. Bez wyje\u017cd\u017cania z Polski mo\u017cliwe jest nawi\u0105zanie bezpo\u015bredniego kontaktu z kontrahentami zagranicznymi, poniewa\u017c wiele z zarejestrowanych na portalu firm to podmioty zagraniczne. Uczestnicy gie\u0142dy kooperacyjnej otrzymuj\u0105 bezp\u0142atnie wej\u015bci\u00f3wki na targi. Udzia\u0142 w spotkaniach jest bezp\u0142atny.<\/p>\n<p>Rejestracja i dob\u00f3r spotka\u0144 mo\u017cliwe s\u0105 na portalu <a href=\"https:\/\/www.b2match.eu\/renexpo-pl-2017\">https:\/\/www.b2match.eu\/renexpo-pl-2017<\/a><\/p>\n<p><strong>Kiedy?<\/strong><\/p>\n<p>25-27.10.2017 \u2013 targi RENEXPO 2017<\/p>\n<p>25-26.10.2017 \u2013 gie\u0142da kooperacyjna RENEXPO 2017<\/p>\n<p><strong>Gdzie?<\/strong><\/p>\n<p>Warszawskie Centrum EXPO XXI<\/p>\n<p>Hala nr 1<\/p>\n<ol>\n<li>Pr\u0105dzy\u0144skiego 12\/14<\/li>\n<\/ol>\n<p>01-222 Warszawa<\/p>\n<p><strong>Dodatkowych informacji udzielaj\u0105:<\/strong><\/p>\n<p>Magdalena Borys<\/p>\n<p>Podlaska Fundacja Rozwoju Regionalnego<\/p>\n","protected":false},"excerpt":{"rendered":"<p>O\u015brodek Enterprise Europe Network dzia\u0142aj\u0105cy przy Podlaskiej Fundacji Rozwoju Regionalnego co roku organizuje w ramach targ\u00f3w RENXPO Poland gie\u0142d\u0119 kooperacyjn\u0105. S\u0105 to tak zwane szybkie randki dla biznesu \u2013 firmy rejestruj\u0105 si\u0119 na portalu i spo\u015br\u00f3d innych zarejestrowanych podmiot\u00f3w wybieraj\u0105 partner\u00f3w do rozm\u00f3w, same r\u00f3wnie\u017c mog\u0105 by\u0107 wybierane. Bezpo\u015brednio przed gie\u0142d\u0105 uczestnicy otrzymuj\u0105 harmonogram spotka\u0144. [&hellip;]<\/p>\n","protected":false},"author":1,"featured_media":1914,"comment_status":"closed","ping_status":"open","sticky":false,"template":"","format":"standard","meta":{"ocean_post_layout":"","ocean_both_sidebars_style":"","ocean_both_sidebars_content_width":0,"ocean_both_sidebars_sidebars_width":0,"ocean_sidebar":"","ocean_second_sidebar":"","ocean_disable_margins":"enable","ocean_add_body_class":"","ocean_shortcode_before_top_bar":"","ocean_shortcode_after_top_bar":"","ocean_shortcode_before_header":"","ocean_shortcode_after_header":"","ocean_has_shortcode":"","ocean_shortcode_after_title":"","ocean_shortcode_before_footer_widgets":"","ocean_shortcode_after_footer_widgets":"","ocean_shortcode_before_footer_bottom":"","ocean_shortcode_after_footer_bottom":"","ocean_display_top_bar":"default","ocean_display_header":"default","ocean_header_style":"","ocean_center_header_left_menu":"","ocean_custom_header_template":"","ocean_custom_logo":0,"ocean_custom_retina_logo":0,"ocean_custom_logo_max_width":0,"ocean_custom_logo_tablet_max_width":0,"ocean_custom_logo_mobile_max_width":0,"ocean_custom_logo_max_height":0,"ocean_custom_logo_tablet_max_height":0,"ocean_custom_logo_mobile_max_height":0,"ocean_header_custom_menu":"","ocean_menu_typo_font_family":"","ocean_menu_typo_font_subset":"","ocean_menu_typo_font_size":0,"ocean_menu_typo_font_size_tablet":0,"ocean_menu_typo_font_size_mobile":0,"ocean_menu_typo_font_size_unit":"px","ocean_menu_typo_font_weight":"","ocean_menu_typo_font_weight_tablet":"","ocean_menu_typo_font_weight_mobile":"","ocean_menu_typo_transform":"","ocean_menu_typo_transform_tablet":"","ocean_menu_typo_transform_mobile":"","ocean_menu_typo_line_height":0,"ocean_menu_typo_line_height_tablet":0,"ocean_menu_typo_line_height_mobile":0,"ocean_menu_typo_line_height_unit":"","ocean_menu_typo_spacing":0,"ocean_menu_typo_spacing_tablet":0,"ocean_menu_typo_spacing_mobile":0,"ocean_menu_typo_spacing_unit":"","ocean_menu_link_color":"","ocean_menu_link_color_hover":"","ocean_menu_link_color_active":"","ocean_menu_link_background":"","ocean_menu_link_hover_background":"","ocean_menu_link_active_background":"","ocean_menu_social_links_bg":"","ocean_menu_social_hover_links_bg":"","ocean_menu_social_links_color":"","ocean_menu_social_hover_links_color":"","ocean_disable_title":"default","ocean_disable_heading":"default","ocean_post_title":"","ocean_post_subheading":"","ocean_post_title_style":"","ocean_post_title_background_color":"","ocean_post_title_background":0,"ocean_post_title_bg_image_position":"","ocean_post_title_bg_image_attachment":"","ocean_post_title_bg_image_repeat":"","ocean_post_title_bg_image_size":"","ocean_post_title_height":0,"ocean_post_title_bg_overlay":0.5,"ocean_post_title_bg_overlay_color":"","ocean_disable_breadcrumbs":"default","ocean_breadcrumbs_color":"","ocean_breadcrumbs_separator_color":"","ocean_breadcrumbs_links_color":"","ocean_breadcrumbs_links_hover_color":"","ocean_display_footer_widgets":"default","ocean_display_footer_bottom":"default","ocean_custom_footer_template":"","ocean_post_oembed":"","ocean_post_self_hosted_media":"","ocean_post_video_embed":"","ocean_link_format":"","ocean_link_format_target":"self","ocean_quote_format":"","ocean_quote_format_link":"post","ocean_gallery_link_images":"on","ocean_gallery_id":[],"footnotes":""},"categories":[34],"tags":[165],"class_list":["post-1908","post","type-post","status-publish","format-standard","has-post-thumbnail","hentry","category-informacje","tag-renexpo","entry","has-media"],"_links":{"self":[{"href":"https:\/\/seo.org.pl\/en\/wp-json\/wp\/v2\/posts\/1908","targetHints":{"allow":["GET"]}}],"collection":[{"href":"https:\/\/seo.org.pl\/en\/wp-json\/wp\/v2\/posts"}],"about":[{"href":"https:\/\/seo.org.pl\/en\/wp-json\/wp\/v2\/types\/post"}],"author":[{"embeddable":true,"href":"https:\/\/seo.org.pl\/en\/wp-json\/wp\/v2\/users\/1"}],"replies":[{"embeddable":true,"href":"https:\/\/seo.org.pl\/en\/wp-json\/wp\/v2\/comments?post=1908"}],"version-history":[{"count":0,"href":"https:\/\/seo.org.pl\/en\/wp-json\/wp\/v2\/posts\/1908\/revisions"}],"wp:featuredmedia":[{"embeddable":true,"href":"https:\/\/seo.org.pl\/en\/wp-json\/wp\/v2\/media\/1914"}],"wp:attachment":[{"href":"https:\/\/seo.org.pl\/en\/wp-json\/wp\/v2\/media?parent=1908"}],"wp:term":[{"taxonomy":"category","embeddable":true,"href":"https:\/\/seo.org.pl\/en\/wp-json\/wp\/v2\/categories?post=1908"},{"taxonomy":"post_tag","embeddable":true,"href":"https:\/\/seo.org.pl\/en\/wp-json\/wp\/v2\/tags?post=1908"}],"curies":[{"name":"wp","href":"https:\/\/api.w.org\/{rel}","templated":true}]}}