{"id":1713,"date":"2017-04-27T13:26:42","date_gmt":"2017-04-27T11:26:42","guid":{"rendered":"http:\/\/seo.org.pl\/?p=1713"},"modified":"2017-04-28T08:53:32","modified_gmt":"2017-04-28T06:53:32","slug":"me-zaprezentowalo-projekt-ustawy-o-elektromobilnosci-i-paliwach-alternatywnych","status":"publish","type":"post","link":"https:\/\/seo.org.pl\/en\/me-zaprezentowalo-projekt-ustawy-o-elektromobilnosci-i-paliwach-alternatywnych\/","title":{"rendered":"ME zaprezentowa\u0142o projekt ustawy o elektromobilno\u015bci i paliwach alternatywnych"},"content":{"rendered":"<p>Ministerstwo Energii wyda\u0142o komunikat, w kt\u00f3rym informuje o opublikowaniu projektu ustawy o elektromobilno\u015bci i paliwach alternatywnych.<\/p>\n<p>Komunikat ME:<\/p>\n<p>iceminister Kurtyka podkre\u015bli\u0142, \u017ce opracowanie ustawy o rozwoju elektromobilno\u015bci i paliwach alternatywnych to kolejny, wa\u017cny krok na drodze do realizacji za\u0142o\u017ce\u0144 opracowanego przez ME Planu Rozwoju Elektromobilno\u015bci. Zaznaczy\u0142, \u017ce projekt wpisuje si\u0119 w ci\u0105g dzia\u0142a\u0144 Ministerstwa Energii nakierowanych na rozw\u00f3j transportu elektrycznego. &#8211; <em>Ich celem jest m.in. zwi\u0119kszenie liczby pojazd\u00f3w elektrycznych na drogach, rozw\u00f3j przemys\u0142u elektromobilno\u015bci <\/em>\u2013 m\u00f3wi\u0142 wiceszef ME.<\/p>\n<p>Zdaniem wiceministra Kurtyki rozw\u00f3j tego sektora dostarczy tak\u017ce impulsu do rozwoju polskiego przemys\u0142u samochodowego. \u2013 <em>Nowe przepisy umocni\u0105 pozycj\u0119 polskich firm ju\u017c dzi\u015b dzia\u0142aj\u0105cych na rynku i stworz\u0105 okazj\u0119 do budowy samodzielnych, polskich marek<\/em> \u2013 oceni\u0142. Doda\u0142, \u017ce elektryfikacja transportu pozwoli r\u00f3wnie\u017c na uniezale\u017cnienie si\u0119 Polski od importu ropy z jednego kierunku.<\/p>\n<p>Podsekretarz stanu w ME zauwa\u017cy\u0142 tak\u017ce, \u017ce wa\u017cnym czynnikiem wp\u0142ywaj\u0105cym na rozw\u00f3j nowej ga\u0142\u0119zi gospodarki w Polsce b\u0119dzie wykreowanie odpowiedniego popytu na pojazdy elektryczne. \u2013 <em>Dlatego, opr\u00f3cz zach\u0119t dla firm i os\u00f3b indywidualnych, ustawa o elektromobilno\u015bci wprowadza bod\u017ace dla administracji lokalnej i centralnej do przechodzenia na transport elektryczny<\/em> &#8211;\u00a0 m\u00f3wi\u0142.<\/p>\n<p>Podkre\u015bla\u0142 r\u00f3wnie\u017c rol\u0119 konsultacji w opracowaniu ostatecznych rozwi\u0105za\u0144 ustawy. \u2013 <em>Elektromobilno\u015b\u0107 to realna szansa na rozw\u00f3j i wzrost innowacyjno\u015bci polskiej gospodarki, ale to tak\u017ce projekt \u201eskrojony na miar\u0119\u201d oczekiwa\u0144 i potrzeb obywateli \u2013 <\/em>m\u00f3wi\u0142<em>. &#8211; Dostrzegamy zainteresowanie jakim cieszy si\u0119 nasza inicjatywa i widzimy jak pozytywnie na nasze propozycje reaguje rynek. Dlatego zale\u017cy nam tym, \u017ceby\u015bmy wsp\u00f3lnie opracowali rozwi\u0105zania z kt\u00f3rych potem razem b\u0119dziemy korzysta\u0107<\/em> \u2013 podsumowa\u0142.<\/p>\n<p>***<\/p>\n<p>Celem ustawy jest stymulowanie rozwoju elektromobilno\u015bci oraz zastosowania innych paliw alternatywnych (gazu ziemnego w formie LNG i CNG) w sektorze transportowym w Polsce poprzez okre\u015blenie ram prawnych dla rozbudowy infrastruktury \u0142adowania samochod\u00f3w elektrycznych i tankowania CNG\/LNG.<\/p>\n<p>Po wej\u015bciu nowych przepis\u00f3w:<\/p>\n<ul>\n<li>zakup samochodu elektrycznego b\u0119dzie ta\u0144szy (zostanie zwolniony z akcyzy);<\/li>\n<li>przedsi\u0119biorstwa uzyskaj\u0105 mo\u017cliwo\u015b\u0107 wy\u017cszego odpisu amortyzacyjnego;<\/li>\n<li>kierowca samochodu elektrycznego b\u0119dzie je\u017adzi\u0142 wygodniej (mo\u017cliwo\u015b\u0107 korzystania z buspas\u00f3w) i taniej (bezp\u0142atne parkowanie w centrach miast);<\/li>\n<li>do 2020 roku powstanie sie\u0107 infrastruktury \u0142adowania pojazd\u00f3w elektrycznych (ponad 6 tysi\u0119cy punkt\u00f3w w 32 aglomeracjach);<\/li>\n<li>samorz\u0105dy b\u0119d\u0105 ch\u0119tniej wybiera\u0107 autobusy elektryczne (szybsza i ta\u0144sza b\u0119dzie budowa infrastruktury);<\/li>\n<li>w\u0142adze lokalne otrzymaj\u0105 realne narz\u0119dzie do walki o lepsze powietrze na swoim terenie (mo\u017cliwo\u015b\u0107 ustanawiania stref zeroemisyjnych).<\/li>\n<\/ul>\n<p class=\"ListParagraphCxSpDrugie\">Wi\u0119cej:<\/p>\n<p class=\"ListParagraphCxSpDrugie\"><a class=\"greenArrowLt\" href=\"http:\/\/www.me.gov.pl\/node\/27153\" target=\"_blank\" rel=\"noopener noreferrer\">Zapraszamy do zg\u0142aszania uwag do projektu ustawy o rozwoju elektromobilno\u015bci i paliwach alternatywnych<\/a><\/p>\n<p class=\"ListParagraphCxSpDrugie\"><a class=\"redArrow\" href=\"http:\/\/legislacja.rcl.gov.pl\/projekt\/12297850\" target=\"_blank\" rel=\"noopener noreferrer\">Projekt ustawy o elektromobilno\u015bci i paliwach alternatywnych\u00a0<\/a><\/p>\n<p class=\"ListParagraphCxSpDrugie\"><a class=\"greenArrowLt\" href=\"http:\/\/www.me.gov.pl\/files\/upload\/27156\/ME_ustawa%20o%20elektromobilno%C5%9Bci_20170427_final.pdf\" target=\"_blank\" rel=\"noopener noreferrer\">Prezentacja o za\u0142o\u017ceniach ustawy o elektromobilno\u015bci i paliwach alternatywnych<\/a><\/p>\n<p class=\"ListParagraphCxSpDrugie\"><a class=\"downloadIcon\" href=\"http:\/\/www.me.gov.pl\/files\/upload\/27156\/20170426MMK%20Materia%C5%82%20informacyjnyOST%20%281%29.docx\" target=\"_blank\" rel=\"noopener noreferrer\">Zakres ustawy o elektromobilno\u015bci i paliwach alternatywnych &#8211; najwa\u017cniejsze elementy<\/a><\/p>\n<p>&nbsp;<\/p>\n","protected":false},"excerpt":{"rendered":"<p>Ministerstwo Energii wyda\u0142o komunikat, w kt\u00f3rym informuje o opublikowaniu projektu ustawy o elektromobilno\u015bci i paliwach alternatywnych. Komunikat ME: iceminister Kurtyka podkre\u015bli\u0142, \u017ce opracowanie ustawy o rozwoju elektromobilno\u015bci i paliwach alternatywnych to kolejny, wa\u017cny krok na drodze do realizacji za\u0142o\u017ce\u0144 opracowanego przez ME Planu Rozwoju Elektromobilno\u015bci. Zaznaczy\u0142, \u017ce projekt wpisuje si\u0119 w ci\u0105g dzia\u0142a\u0144 Ministerstwa Energii [&hellip;]<\/p>\n","protected":false},"author":1,"featured_media":918,"comment_status":"closed","ping_status":"open","sticky":false,"template":"","format":"standard","meta":{"ocean_post_layout":"","ocean_both_sidebars_style":"","ocean_both_sidebars_content_width":0,"ocean_both_sidebars_sidebars_width":0,"ocean_sidebar":"","ocean_second_sidebar":"","ocean_disable_margins":"enable","ocean_add_body_class":"","ocean_shortcode_before_top_bar":"","ocean_shortcode_after_top_bar":"","ocean_shortcode_before_header":"","ocean_shortcode_after_header":"","ocean_has_shortcode":"","ocean_shortcode_after_title":"","ocean_shortcode_before_footer_widgets":"","ocean_shortcode_after_footer_widgets":"","ocean_shortcode_before_footer_bottom":"","ocean_shortcode_after_footer_bottom":"","ocean_display_top_bar":"default","ocean_display_header":"default","ocean_header_style":"","ocean_center_header_left_menu":"","ocean_custom_header_template":"","ocean_custom_logo":0,"ocean_custom_retina_logo":0,"ocean_custom_logo_max_width":0,"ocean_custom_logo_tablet_max_width":0,"ocean_custom_logo_mobile_max_width":0,"ocean_custom_logo_max_height":0,"ocean_custom_logo_tablet_max_height":0,"ocean_custom_logo_mobile_max_height":0,"ocean_header_custom_menu":"","ocean_menu_typo_font_family":"","ocean_menu_typo_font_subset":"","ocean_menu_typo_font_size":0,"ocean_menu_typo_font_size_tablet":0,"ocean_menu_typo_font_size_mobile":0,"ocean_menu_typo_font_size_unit":"px","ocean_menu_typo_font_weight":"","ocean_menu_typo_font_weight_tablet":"","ocean_menu_typo_font_weight_mobile":"","ocean_menu_typo_transform":"","ocean_menu_typo_transform_tablet":"","ocean_menu_typo_transform_mobile":"","ocean_menu_typo_line_height":0,"ocean_menu_typo_line_height_tablet":0,"ocean_menu_typo_line_height_mobile":0,"ocean_menu_typo_line_height_unit":"","ocean_menu_typo_spacing":0,"ocean_menu_typo_spacing_tablet":0,"ocean_menu_typo_spacing_mobile":0,"ocean_menu_typo_spacing_unit":"","ocean_menu_link_color":"","ocean_menu_link_color_hover":"","ocean_menu_link_color_active":"","ocean_menu_link_background":"","ocean_menu_link_hover_background":"","ocean_menu_link_active_background":"","ocean_menu_social_links_bg":"","ocean_menu_social_hover_links_bg":"","ocean_menu_social_links_color":"","ocean_menu_social_hover_links_color":"","ocean_disable_title":"default","ocean_disable_heading":"default","ocean_post_title":"","ocean_post_subheading":"","ocean_post_title_style":"","ocean_post_title_background_color":"","ocean_post_title_background":0,"ocean_post_title_bg_image_position":"","ocean_post_title_bg_image_attachment":"","ocean_post_title_bg_image_repeat":"","ocean_post_title_bg_image_size":"","ocean_post_title_height":0,"ocean_post_title_bg_overlay":0.5,"ocean_post_title_bg_overlay_color":"","ocean_disable_breadcrumbs":"default","ocean_breadcrumbs_color":"","ocean_breadcrumbs_separator_color":"","ocean_breadcrumbs_links_color":"","ocean_breadcrumbs_links_hover_color":"","ocean_display_footer_widgets":"default","ocean_display_footer_bottom":"default","ocean_custom_footer_template":"","ocean_post_oembed":"","ocean_post_self_hosted_media":"","ocean_post_video_embed":"","ocean_link_format":"","ocean_link_format_target":"self","ocean_quote_format":"","ocean_quote_format_link":"post","ocean_gallery_link_images":"on","ocean_gallery_id":[],"footnotes":""},"categories":[34],"tags":[80],"class_list":["post-1713","post","type-post","status-publish","format-standard","has-post-thumbnail","hentry","category-informacje","tag-elektromobilnosc","entry","has-media"],"_links":{"self":[{"href":"https:\/\/seo.org.pl\/en\/wp-json\/wp\/v2\/posts\/1713","targetHints":{"allow":["GET"]}}],"collection":[{"href":"https:\/\/seo.org.pl\/en\/wp-json\/wp\/v2\/posts"}],"about":[{"href":"https:\/\/seo.org.pl\/en\/wp-json\/wp\/v2\/types\/post"}],"author":[{"embeddable":true,"href":"https:\/\/seo.org.pl\/en\/wp-json\/wp\/v2\/users\/1"}],"replies":[{"embeddable":true,"href":"https:\/\/seo.org.pl\/en\/wp-json\/wp\/v2\/comments?post=1713"}],"version-history":[{"count":0,"href":"https:\/\/seo.org.pl\/en\/wp-json\/wp\/v2\/posts\/1713\/revisions"}],"wp:featuredmedia":[{"embeddable":true,"href":"https:\/\/seo.org.pl\/en\/wp-json\/wp\/v2\/media\/918"}],"wp:attachment":[{"href":"https:\/\/seo.org.pl\/en\/wp-json\/wp\/v2\/media?parent=1713"}],"wp:term":[{"taxonomy":"category","embeddable":true,"href":"https:\/\/seo.org.pl\/en\/wp-json\/wp\/v2\/categories?post=1713"},{"taxonomy":"post_tag","embeddable":true,"href":"https:\/\/seo.org.pl\/en\/wp-json\/wp\/v2\/tags?post=1713"}],"curies":[{"name":"wp","href":"https:\/\/api.w.org\/{rel}","templated":true}]}}