{"id":1589,"date":"2017-03-10T09:49:18","date_gmt":"2017-03-10T08:49:18","guid":{"rendered":"http:\/\/seo.org.pl\/?p=1589"},"modified":"2017-03-10T09:49:18","modified_gmt":"2017-03-10T08:49:18","slug":"minister-tchorzewski-chcemy-rozwijac-elektromobilnosc-wspolnie-z-polakami","status":"publish","type":"post","link":"https:\/\/seo.org.pl\/en\/minister-tchorzewski-chcemy-rozwijac-elektromobilnosc-wspolnie-z-polakami\/","title":{"rendered":"Minister Tch\u00f3rzewski: Chcemy rozwija\u0107 elektromobilno\u015b\u0107 wsp\u00f3lnie z Polakami"},"content":{"rendered":"<p>Minister energii Krzysztof Tch\u00f3rzewski i wiceminister Micha\u0142 Kurtyka 6 marca 2017 r. wzi\u0119li udzia\u0142 w konferencji prasowej zorganizowanej przez sp\u00f3\u0142k\u0119 ElectroMobility Poland SA (EMP). Wsp\u00f3lnie z dyrektorem zarz\u0105dzaj\u0105cym EMP Krzysztofem Kowalczykiem ministrowie przedstawili perspektywy rozwoju transportu elektrycznego w Polsce. Og\u0142oszono r\u00f3wnie\u017c, \u017ce 13 marca 2017 r. rozpocznie si\u0119 konkurs na samoch\u00f3d elektryczny.<\/p>\n<p class=\"Default\">Minister energii Krzysztof Tch\u00f3rzewski zwr\u00f3ci\u0142 uwag\u0119, \u017ce ma\u0142y, miejski samoch\u00f3d elektryczny, produkowany w Polsce, oparty na polskiej my\u015bli technicznej to dla polskiego rynku motoryzacyjnego wyzwanie. <em>&#8211; Jako Ministerstwo Energii wspieramy rozw\u00f3j elektromobilno\u015bci w Polsce, tworzymy warunki do tego, \u017ceby polscy przedsi\u0119biorcy dzia\u0142aj\u0105cy w tym sektorze mogli z powodzeniem konkurowa\u0107 z europejskimi <\/em>\u2013 m\u00f3wi\u0142. &#8211; <em>Oczywi\u015bcie to czy taki pojazd b\u0119dzie w Polsce produkowany, ostatecznie zweryfikuje rynek. Pewne jest, \u017ce to wyzwanie musimy i chcemy podj\u0105\u0107. Jestem przekonany, \u017ce nasze przedsi\u0119wzi\u0119cie odniesie sukces \u2013 <\/em>przekonywa\u0142 Minister Krzysztof Tch\u00f3rzewski.<\/p>\n<p class=\"Default\">Wiceminister energii Micha\u0142 Kurtyka zaprezentowa\u0142 poda\u017cow\u0105 stron\u0119 Planu rozwoju Elektromobilno\u015bci. &#8211; <em>Rewolucja na rynku pojazd\u00f3w, kt\u00f3rej jeste\u015bmy \u015bwiadkami, to szansa dla nowych podmiot\u00f3w na rzucenie r\u0119kawicy du\u017cym firmom. Mamy przyk\u0142ady, \u017ce jest to mo\u017cliwe &#8211; <\/em>podkre\u015bli\u0142. &#8211; <em>Opracowali\u015bmy w ME pakiet rozwi\u0105za\u0144, mog\u0105cy pom\u00f3c polskim firmom zbudowa\u0107 swoj\u0105 pozycj\u0119 na rynku, kt\u00f3rego ramy dopiero si\u0119 buduj\u0105 \u2013<\/em> doda\u0142.<\/p>\n<p class=\"Default\">Minister Tch\u00f3rzewski odni\u00f3s\u0142 si\u0119 tak\u017ce do startuj\u0105cego 13 marca 2017 r. otwartego konkursu, kt\u00f3ry ma wy\u0142oni\u0107 pi\u0119ciu laureat\u00f3w projektu karoserii polskiego e-samochodu. Podkre\u015bla\u0142, \u017ce na etapie je\u017cd\u017c\u0105cych prototyp\u00f3w na najlepszy projekt ma g\u0142osowa\u0107 publiczno\u015b\u0107 &#8211; <em>Chcieliby\u015bmy w ten spos\u00f3b pozna\u0107 gusta i oczekiwania Polak\u00f3w w odniesieniu do auta miejskiego, kt\u00f3rym chcieliby si\u0119 porusza\u0107 w niedalekiej przysz\u0142o\u015bci \u2013 <\/em>t\u0142umaczy zamiary Minister Tch\u00f3rzewski.<\/p>\n<p>Organizatorem konkursu na miejski samoch\u00f3d elektryczny jest sp\u00f3\u0142ka ElectroMobility Poland SA. Patronat nad konkursem sprawuj\u0105 Ministerstwo Energii, Enea SA, Energa SA, PGE Polska Grupa Energetyczna SA i Tauron Polska Energia SA. Wi\u0119cej informacji dost\u0119pnych <a class=\"redArrow\" href=\"http:\/\/www.emobilitypoland.pl\/media\/4\/rewolucja-jest-mozliwa-konkurs-electromobility-poland-na-elektryczny-samochod-rusza-13-marca-2017-r.html\" target=\"_blank\">na stronie internetowej EMP. <\/a><\/p>\n<p><a class=\"greenArrowLt\" href=\"http:\/\/www.me.gov.pl\/node\/26969\" target=\"_blank\">Rz\u0105d i samorz\u0105dy b\u0119d\u0105 wsp\u00f3\u0142pracowa\u0107 przy rozwoju elektromobilno\u015bci. <\/a><\/p>\n<p><a class=\"greenArrowLt\" href=\"http:\/\/www.me.gov.pl\/node\/26990\" target=\"_blank\">Elektromobilno\u015b\u0107 przyci\u0105ga kolejne instytucje i firmy. <\/a><\/p>\n<p><a class=\"greenArrowLt\" href=\"http:\/\/www.me.gov.pl\/node\/26964\" target=\"_blank\">Tch\u00f3rzewski: Elektryfikacja transportu b\u0119dzie mia\u0142a wymierny efekt dla ochrony \u015brodowiska<\/a>.<\/p>\n<p>\u0179r\u00f3d\u0142o: me.gov.pl<\/p>\n","protected":false},"excerpt":{"rendered":"<p>Minister energii Krzysztof Tch\u00f3rzewski i wiceminister Micha\u0142 Kurtyka 6 marca 2017 r. wzi\u0119li udzia\u0142 w konferencji prasowej zorganizowanej przez sp\u00f3\u0142k\u0119 ElectroMobility Poland SA (EMP). Wsp\u00f3lnie z dyrektorem zarz\u0105dzaj\u0105cym EMP Krzysztofem Kowalczykiem ministrowie przedstawili perspektywy rozwoju transportu elektrycznego w Polsce. Og\u0142oszono r\u00f3wnie\u017c, \u017ce 13 marca 2017 r. rozpocznie si\u0119 konkurs na samoch\u00f3d elektryczny. Minister energii Krzysztof [&hellip;]<\/p>\n","protected":false},"author":1,"featured_media":1103,"comment_status":"closed","ping_status":"open","sticky":false,"template":"","format":"standard","meta":{"ocean_post_layout":"","ocean_both_sidebars_style":"","ocean_both_sidebars_content_width":0,"ocean_both_sidebars_sidebars_width":0,"ocean_sidebar":"","ocean_second_sidebar":"","ocean_disable_margins":"enable","ocean_add_body_class":"","ocean_shortcode_before_top_bar":"","ocean_shortcode_after_top_bar":"","ocean_shortcode_before_header":"","ocean_shortcode_after_header":"","ocean_has_shortcode":"","ocean_shortcode_after_title":"","ocean_shortcode_before_footer_widgets":"","ocean_shortcode_after_footer_widgets":"","ocean_shortcode_before_footer_bottom":"","ocean_shortcode_after_footer_bottom":"","ocean_display_top_bar":"default","ocean_display_header":"default","ocean_header_style":"","ocean_center_header_left_menu":"","ocean_custom_header_template":"","ocean_custom_logo":0,"ocean_custom_retina_logo":0,"ocean_custom_logo_max_width":0,"ocean_custom_logo_tablet_max_width":0,"ocean_custom_logo_mobile_max_width":0,"ocean_custom_logo_max_height":0,"ocean_custom_logo_tablet_max_height":0,"ocean_custom_logo_mobile_max_height":0,"ocean_header_custom_menu":"","ocean_menu_typo_font_family":"","ocean_menu_typo_font_subset":"","ocean_menu_typo_font_size":0,"ocean_menu_typo_font_size_tablet":0,"ocean_menu_typo_font_size_mobile":0,"ocean_menu_typo_font_size_unit":"px","ocean_menu_typo_font_weight":"","ocean_menu_typo_font_weight_tablet":"","ocean_menu_typo_font_weight_mobile":"","ocean_menu_typo_transform":"","ocean_menu_typo_transform_tablet":"","ocean_menu_typo_transform_mobile":"","ocean_menu_typo_line_height":0,"ocean_menu_typo_line_height_tablet":0,"ocean_menu_typo_line_height_mobile":0,"ocean_menu_typo_line_height_unit":"","ocean_menu_typo_spacing":0,"ocean_menu_typo_spacing_tablet":0,"ocean_menu_typo_spacing_mobile":0,"ocean_menu_typo_spacing_unit":"","ocean_menu_link_color":"","ocean_menu_link_color_hover":"","ocean_menu_link_color_active":"","ocean_menu_link_background":"","ocean_menu_link_hover_background":"","ocean_menu_link_active_background":"","ocean_menu_social_links_bg":"","ocean_menu_social_hover_links_bg":"","ocean_menu_social_links_color":"","ocean_menu_social_hover_links_color":"","ocean_disable_title":"default","ocean_disable_heading":"default","ocean_post_title":"","ocean_post_subheading":"","ocean_post_title_style":"","ocean_post_title_background_color":"","ocean_post_title_background":0,"ocean_post_title_bg_image_position":"","ocean_post_title_bg_image_attachment":"","ocean_post_title_bg_image_repeat":"","ocean_post_title_bg_image_size":"","ocean_post_title_height":0,"ocean_post_title_bg_overlay":0.5,"ocean_post_title_bg_overlay_color":"","ocean_disable_breadcrumbs":"default","ocean_breadcrumbs_color":"","ocean_breadcrumbs_separator_color":"","ocean_breadcrumbs_links_color":"","ocean_breadcrumbs_links_hover_color":"","ocean_display_footer_widgets":"default","ocean_display_footer_bottom":"default","ocean_custom_footer_template":"","ocean_post_oembed":"","ocean_post_self_hosted_media":"","ocean_post_video_embed":"","ocean_link_format":"","ocean_link_format_target":"self","ocean_quote_format":"","ocean_quote_format_link":"post","ocean_gallery_link_images":"on","ocean_gallery_id":[],"footnotes":""},"categories":[34],"tags":[80,96],"class_list":["post-1589","post","type-post","status-publish","format-standard","has-post-thumbnail","hentry","category-informacje","tag-elektromobilnosc","tag-me","entry","has-media"],"_links":{"self":[{"href":"https:\/\/seo.org.pl\/en\/wp-json\/wp\/v2\/posts\/1589","targetHints":{"allow":["GET"]}}],"collection":[{"href":"https:\/\/seo.org.pl\/en\/wp-json\/wp\/v2\/posts"}],"about":[{"href":"https:\/\/seo.org.pl\/en\/wp-json\/wp\/v2\/types\/post"}],"author":[{"embeddable":true,"href":"https:\/\/seo.org.pl\/en\/wp-json\/wp\/v2\/users\/1"}],"replies":[{"embeddable":true,"href":"https:\/\/seo.org.pl\/en\/wp-json\/wp\/v2\/comments?post=1589"}],"version-history":[{"count":0,"href":"https:\/\/seo.org.pl\/en\/wp-json\/wp\/v2\/posts\/1589\/revisions"}],"wp:featuredmedia":[{"embeddable":true,"href":"https:\/\/seo.org.pl\/en\/wp-json\/wp\/v2\/media\/1103"}],"wp:attachment":[{"href":"https:\/\/seo.org.pl\/en\/wp-json\/wp\/v2\/media?parent=1589"}],"wp:term":[{"taxonomy":"category","embeddable":true,"href":"https:\/\/seo.org.pl\/en\/wp-json\/wp\/v2\/categories?post=1589"},{"taxonomy":"post_tag","embeddable":true,"href":"https:\/\/seo.org.pl\/en\/wp-json\/wp\/v2\/tags?post=1589"}],"curies":[{"name":"wp","href":"https:\/\/api.w.org\/{rel}","templated":true}]}}