{"id":1568,"date":"2017-03-03T10:51:04","date_gmt":"2017-03-03T09:51:04","guid":{"rendered":"http:\/\/seo.org.pl\/?p=1568"},"modified":"2017-03-03T10:51:04","modified_gmt":"2017-03-03T09:51:04","slug":"powstaje-zgorzelecki-klaster-energetyczny","status":"publish","type":"post","link":"https:\/\/seo.org.pl\/en\/powstaje-zgorzelecki-klaster-energetyczny\/","title":{"rendered":"Powstaje zgorzelecki klaster energetyczny"},"content":{"rendered":"<p>Poprawa efektywno\u015bci energetycznej, ograniczanie niskiej emisji, realizacja projekt\u00f3w badawczo-rozwojowych oraz wsparcie przedsi\u0119biorstw dzia\u0142aj\u0105cych w bran\u017cy energii odnawialnej to wybrane cele porozumienia o powo\u0142aniu zgorzeleckiego klastra energii. Zostanie ono podpisane 9 marca, w Miejskim Domu Kultury w Zgorzelcu.<\/p>\n<p>Podpisy pod porozumieniem o utworzeniu Zgorzeleckiego Klastra Rozwoju Odnawialnych \u0179r\u00f3de\u0142 Energii i Efektywno\u015bci Energetycznej, jak brzmi pe\u0142na nazwa przedsi\u0119wzi\u0119cia, z\u0142o\u017c\u0105 Burmistrz Miasta Zgorzelec Rafa\u0142 Gronicz, W\u00f3jt Gminy Zgorzelec Piotr Machaj oraz przedstawiciel Politechniki \u015al\u0105skiej prof. dr hab. in\u017c. Jan Popczyk, kt\u00f3ry wcze\u015bniej zapozna uczestnik\u00f3w spotkania z ide\u0105 klastra.<\/p>\n<p>Zgorzelecki klaster energetyczny b\u0119dzie obejmowa\u0142 swoim dzia\u0142aniem obszar mieszcz\u0105cy si\u0119 w granicach administracyjnych pi\u0119ciu s\u0105siaduj\u0105cych ze sob\u0105 gmin: Gminy Miejskiej Zgorzelec, Gminy Wiejskiej Zgorzelec, Miasta i Gminy Bogatynia, Gminy Luba\u0144 i Gminy Miejskiej Luba\u0144.<\/p>\n<p>Przedsi\u0119wzi\u0119cie ma s\u0142u\u017cy\u0107 nawi\u0105zaniu i rozwijaniu wsp\u00f3\u0142pracy \u201ena rzecz rozwoju lokalnej efektywno\u015bci energetycznej oraz rozwoju lokalnych zasob\u00f3w odnawialnych \u017ar\u00f3de\u0142 energii opartych o transfer wiedzy, wdra\u017canie innowacyjnych rozwi\u0105za\u0144 w energetyce oraz popraw\u0119 konkurencyjno\u015bci podmiot\u00f3w tworz\u0105cych \u201eKlaster Energii\u201d, a tak\u017ce wykreowanie regionu jako otwartego na rozw\u00f3j czystych technologii istotnie ograniczaj\u0105cych obci\u0105\u017cenia i skutki\u00a0 \u015brodowiskowe, generowane przez sektor energetyki tradycyjnej, co istotnie wp\u0142ynie na popraw\u0119 zdrowia i \u017cycia lokalnych mieszka\u0144c\u00f3w\u201d- zapisano w tre\u015bci porozumienia, kt\u00f3re zostanie podpisane o godzinie 12.00, 9 marca 2017 roku, w Miejskim Domu Kultury w Zgorzelcu.<\/p>\n<p>Miejsce: Miejski Dom Kultury przy ul. Parkowej 1\u00a0 w Zgorzelcu<br \/>\nTermin: 9 marca 2017 r. godz. 12.00<br \/>\nProgram wydarzenia:<br \/>\n1.\u00a0\u00a0 \u00a0Powitanie<br \/>\n2.\u00a0\u00a0 \u00a0Prezentacja idei klastra \u2013 prof. dr hab. in\u017c. Jan Popczyk, Instytutt Elektroenergetyki i Sterowania Uk\u0142ad\u00f3w Politechniki \u015al\u0105skiej<br \/>\n3.\u00a0\u00a0 \u00a0Podpisanie porozumienia<br \/>\n4.\u00a0\u00a0 \u00a0Dyskusja<\/p>\n","protected":false},"excerpt":{"rendered":"<p>Poprawa efektywno\u015bci energetycznej, ograniczanie niskiej emisji, realizacja projekt\u00f3w badawczo-rozwojowych oraz wsparcie przedsi\u0119biorstw dzia\u0142aj\u0105cych w bran\u017cy energii odnawialnej to wybrane cele porozumienia o powo\u0142aniu zgorzeleckiego klastra energii. Zostanie ono podpisane 9 marca, w Miejskim Domu Kultury w Zgorzelcu. Podpisy pod porozumieniem o utworzeniu Zgorzeleckiego Klastra Rozwoju Odnawialnych \u0179r\u00f3de\u0142 Energii i Efektywno\u015bci Energetycznej, jak brzmi pe\u0142na nazwa [&hellip;]<\/p>\n","protected":false},"author":1,"featured_media":14,"comment_status":"closed","ping_status":"open","sticky":false,"template":"","format":"standard","meta":{"ocean_post_layout":"","ocean_both_sidebars_style":"","ocean_both_sidebars_content_width":0,"ocean_both_sidebars_sidebars_width":0,"ocean_sidebar":"","ocean_second_sidebar":"","ocean_disable_margins":"enable","ocean_add_body_class":"","ocean_shortcode_before_top_bar":"","ocean_shortcode_after_top_bar":"","ocean_shortcode_before_header":"","ocean_shortcode_after_header":"","ocean_has_shortcode":"","ocean_shortcode_after_title":"","ocean_shortcode_before_footer_widgets":"","ocean_shortcode_after_footer_widgets":"","ocean_shortcode_before_footer_bottom":"","ocean_shortcode_after_footer_bottom":"","ocean_display_top_bar":"default","ocean_display_header":"default","ocean_header_style":"","ocean_center_header_left_menu":"","ocean_custom_header_template":"","ocean_custom_logo":0,"ocean_custom_retina_logo":0,"ocean_custom_logo_max_width":0,"ocean_custom_logo_tablet_max_width":0,"ocean_custom_logo_mobile_max_width":0,"ocean_custom_logo_max_height":0,"ocean_custom_logo_tablet_max_height":0,"ocean_custom_logo_mobile_max_height":0,"ocean_header_custom_menu":"","ocean_menu_typo_font_family":"","ocean_menu_typo_font_subset":"","ocean_menu_typo_font_size":0,"ocean_menu_typo_font_size_tablet":0,"ocean_menu_typo_font_size_mobile":0,"ocean_menu_typo_font_size_unit":"px","ocean_menu_typo_font_weight":"","ocean_menu_typo_font_weight_tablet":"","ocean_menu_typo_font_weight_mobile":"","ocean_menu_typo_transform":"","ocean_menu_typo_transform_tablet":"","ocean_menu_typo_transform_mobile":"","ocean_menu_typo_line_height":0,"ocean_menu_typo_line_height_tablet":0,"ocean_menu_typo_line_height_mobile":0,"ocean_menu_typo_line_height_unit":"","ocean_menu_typo_spacing":0,"ocean_menu_typo_spacing_tablet":0,"ocean_menu_typo_spacing_mobile":0,"ocean_menu_typo_spacing_unit":"","ocean_menu_link_color":"","ocean_menu_link_color_hover":"","ocean_menu_link_color_active":"","ocean_menu_link_background":"","ocean_menu_link_hover_background":"","ocean_menu_link_active_background":"","ocean_menu_social_links_bg":"","ocean_menu_social_hover_links_bg":"","ocean_menu_social_links_color":"","ocean_menu_social_hover_links_color":"","ocean_disable_title":"default","ocean_disable_heading":"default","ocean_post_title":"","ocean_post_subheading":"","ocean_post_title_style":"","ocean_post_title_background_color":"","ocean_post_title_background":0,"ocean_post_title_bg_image_position":"","ocean_post_title_bg_image_attachment":"","ocean_post_title_bg_image_repeat":"","ocean_post_title_bg_image_size":"","ocean_post_title_height":0,"ocean_post_title_bg_overlay":0.5,"ocean_post_title_bg_overlay_color":"","ocean_disable_breadcrumbs":"default","ocean_breadcrumbs_color":"","ocean_breadcrumbs_separator_color":"","ocean_breadcrumbs_links_color":"","ocean_breadcrumbs_links_hover_color":"","ocean_display_footer_widgets":"default","ocean_display_footer_bottom":"default","ocean_custom_footer_template":"","ocean_post_oembed":"","ocean_post_self_hosted_media":"","ocean_post_video_embed":"","ocean_link_format":"","ocean_link_format_target":"self","ocean_quote_format":"","ocean_quote_format_link":"post","ocean_gallery_link_images":"on","ocean_gallery_id":[],"footnotes":""},"categories":[34],"tags":[123,138],"class_list":["post-1568","post","type-post","status-publish","format-standard","has-post-thumbnail","hentry","category-informacje","tag-klaster","tag-zgorzelec","entry","has-media"],"_links":{"self":[{"href":"https:\/\/seo.org.pl\/en\/wp-json\/wp\/v2\/posts\/1568","targetHints":{"allow":["GET"]}}],"collection":[{"href":"https:\/\/seo.org.pl\/en\/wp-json\/wp\/v2\/posts"}],"about":[{"href":"https:\/\/seo.org.pl\/en\/wp-json\/wp\/v2\/types\/post"}],"author":[{"embeddable":true,"href":"https:\/\/seo.org.pl\/en\/wp-json\/wp\/v2\/users\/1"}],"replies":[{"embeddable":true,"href":"https:\/\/seo.org.pl\/en\/wp-json\/wp\/v2\/comments?post=1568"}],"version-history":[{"count":0,"href":"https:\/\/seo.org.pl\/en\/wp-json\/wp\/v2\/posts\/1568\/revisions"}],"wp:featuredmedia":[{"embeddable":true,"href":"https:\/\/seo.org.pl\/en\/wp-json\/wp\/v2\/media\/14"}],"wp:attachment":[{"href":"https:\/\/seo.org.pl\/en\/wp-json\/wp\/v2\/media?parent=1568"}],"wp:term":[{"taxonomy":"category","embeddable":true,"href":"https:\/\/seo.org.pl\/en\/wp-json\/wp\/v2\/categories?post=1568"},{"taxonomy":"post_tag","embeddable":true,"href":"https:\/\/seo.org.pl\/en\/wp-json\/wp\/v2\/tags?post=1568"}],"curies":[{"name":"wp","href":"https:\/\/api.w.org\/{rel}","templated":true}]}}