{"id":13492,"date":"2022-04-08T12:58:14","date_gmt":"2022-04-08T10:58:14","guid":{"rendered":"http:\/\/seo.org.pl\/?p=13492"},"modified":"2022-04-08T12:58:51","modified_gmt":"2022-04-08T10:58:51","slug":"poszukiwania-nowego-ministra-formalnie-zakonczone-sukcesem-jest-szef-resortu-rozwoju","status":"publish","type":"post","link":"https:\/\/seo.org.pl\/en\/poszukiwania-nowego-ministra-formalnie-zakonczone-sukcesem-jest-szef-resortu-rozwoju\/","title":{"rendered":"The search for a new minister was formally successful. There is the head of the department of development"},"content":{"rendered":"<p>Waldemar Buda became the new Minister of Development. President Andrzej Duda handed him the appointment. He replaced the dismissed Piotr Nowak.<\/p>\n<p>&#8220;President Andrzej Duda, at the request of Prime Minister Mateusz Morawiecki, appointed Waldemar Buda to the position of Minister of Development and Technology,&#8221; informed the Prime Minister&#8217;s Chancellery. Thus, the two-week period in which, although publicly dismissed, the ministry was headed by Piotr Nowak, ends.<\/p>\n<div class=\"oceanwp-oembed-wrap clr\">\n<blockquote class=\"twitter-tweet\" data-width=\"550\" data-dnt=\"true\">\n<p lang=\"pl\" dir=\"ltr\">Prezydent Andrzej Duda na wniosek premiera <a href=\"https:\/\/twitter.com\/MorawieckiM?ref_src=twsrc%5Etfw\">@MorawieckiM<\/a> powo\u0142a\u0142 Waldemara Bud\u0119 na stanowisko ministra rozwoju i technologii. <a href=\"https:\/\/t.co\/0TfmuydNc9\">pic.twitter.com\/0TfmuydNc9<\/a><\/p>\n<p>&mdash; Kancelaria Premiera (@PremierRP) <a href=\"https:\/\/twitter.com\/PremierRP\/status\/1512372981892325378?ref_src=twsrc%5Etfw\">April 8, 2022<\/a><\/p><\/blockquote>\n<p><script async src=\"https:\/\/platform.twitter.com\/widgets.js\" charset=\"utf-8\"><\/script><\/div>\n<p>From November 2019, Waldemar Buda was the deputy minister of funds and regional policy. Previously, from June 2019, he was the deputy minister at the Ministry of Investment and Development. Since July 2019, Buda is also the government&#8217;s plenipotentiary for public-private partnerships.<\/p>\n<p>&nbsp;<\/p>\n","protected":false},"excerpt":{"rendered":"<p>Waldemar Buda became the new Minister of Development. President Andrzej Duda handed him the appointment. He replaced the dismissed Piotr Nowak. &#8220;President Andrzej Duda, at the request of Prime Minister Mateusz Morawiecki, appointed Waldemar Buda to the position of Minister of Development and Technology,&#8221; informed the Prime Minister&#8217;s Chancellery. Thus, the two-week period in which, [&hellip;]<\/p>\n","protected":false},"author":1,"featured_media":13499,"comment_status":"closed","ping_status":"open","sticky":false,"template":"","format":"standard","meta":{"ocean_post_layout":"","ocean_both_sidebars_style":"","ocean_both_sidebars_content_width":0,"ocean_both_sidebars_sidebars_width":0,"ocean_sidebar":"","ocean_second_sidebar":"","ocean_disable_margins":"enable","ocean_add_body_class":"","ocean_shortcode_before_top_bar":"","ocean_shortcode_after_top_bar":"","ocean_shortcode_before_header":"","ocean_shortcode_after_header":"","ocean_has_shortcode":"","ocean_shortcode_after_title":"","ocean_shortcode_before_footer_widgets":"","ocean_shortcode_after_footer_widgets":"","ocean_shortcode_before_footer_bottom":"","ocean_shortcode_after_footer_bottom":"","ocean_display_top_bar":"default","ocean_display_header":"default","ocean_header_style":"","ocean_center_header_left_menu":"","ocean_custom_header_template":"","ocean_custom_logo":0,"ocean_custom_retina_logo":0,"ocean_custom_logo_max_width":0,"ocean_custom_logo_tablet_max_width":0,"ocean_custom_logo_mobile_max_width":0,"ocean_custom_logo_max_height":0,"ocean_custom_logo_tablet_max_height":0,"ocean_custom_logo_mobile_max_height":0,"ocean_header_custom_menu":"","ocean_menu_typo_font_family":"","ocean_menu_typo_font_subset":"","ocean_menu_typo_font_size":0,"ocean_menu_typo_font_size_tablet":0,"ocean_menu_typo_font_size_mobile":0,"ocean_menu_typo_font_size_unit":"px","ocean_menu_typo_font_weight":"","ocean_menu_typo_font_weight_tablet":"","ocean_menu_typo_font_weight_mobile":"","ocean_menu_typo_transform":"","ocean_menu_typo_transform_tablet":"","ocean_menu_typo_transform_mobile":"","ocean_menu_typo_line_height":0,"ocean_menu_typo_line_height_tablet":0,"ocean_menu_typo_line_height_mobile":0,"ocean_menu_typo_line_height_unit":"","ocean_menu_typo_spacing":0,"ocean_menu_typo_spacing_tablet":0,"ocean_menu_typo_spacing_mobile":0,"ocean_menu_typo_spacing_unit":"","ocean_menu_link_color":"","ocean_menu_link_color_hover":"","ocean_menu_link_color_active":"","ocean_menu_link_background":"","ocean_menu_link_hover_background":"","ocean_menu_link_active_background":"","ocean_menu_social_links_bg":"","ocean_menu_social_hover_links_bg":"","ocean_menu_social_links_color":"","ocean_menu_social_hover_links_color":"","ocean_disable_title":"default","ocean_disable_heading":"default","ocean_post_title":"","ocean_post_subheading":"","ocean_post_title_style":"","ocean_post_title_background_color":"","ocean_post_title_background":0,"ocean_post_title_bg_image_position":"","ocean_post_title_bg_image_attachment":"","ocean_post_title_bg_image_repeat":"","ocean_post_title_bg_image_size":"","ocean_post_title_height":0,"ocean_post_title_bg_overlay":0.5,"ocean_post_title_bg_overlay_color":"","ocean_disable_breadcrumbs":"default","ocean_breadcrumbs_color":"","ocean_breadcrumbs_separator_color":"","ocean_breadcrumbs_links_color":"","ocean_breadcrumbs_links_hover_color":"","ocean_display_footer_widgets":"default","ocean_display_footer_bottom":"default","ocean_custom_footer_template":"","ocean_post_oembed":"","ocean_post_self_hosted_media":"","ocean_post_video_embed":"","ocean_link_format":"","ocean_link_format_target":"self","ocean_quote_format":"","ocean_quote_format_link":"post","ocean_gallery_link_images":"on","ocean_gallery_id":[],"footnotes":""},"categories":[34],"tags":[],"class_list":["post-13492","post","type-post","status-publish","format-standard","has-post-thumbnail","hentry","category-informacje","entry","has-media"],"_links":{"self":[{"href":"https:\/\/seo.org.pl\/en\/wp-json\/wp\/v2\/posts\/13492","targetHints":{"allow":["GET"]}}],"collection":[{"href":"https:\/\/seo.org.pl\/en\/wp-json\/wp\/v2\/posts"}],"about":[{"href":"https:\/\/seo.org.pl\/en\/wp-json\/wp\/v2\/types\/post"}],"author":[{"embeddable":true,"href":"https:\/\/seo.org.pl\/en\/wp-json\/wp\/v2\/users\/1"}],"replies":[{"embeddable":true,"href":"https:\/\/seo.org.pl\/en\/wp-json\/wp\/v2\/comments?post=13492"}],"version-history":[{"count":0,"href":"https:\/\/seo.org.pl\/en\/wp-json\/wp\/v2\/posts\/13492\/revisions"}],"wp:featuredmedia":[{"embeddable":true,"href":"https:\/\/seo.org.pl\/en\/wp-json\/wp\/v2\/media\/13499"}],"wp:attachment":[{"href":"https:\/\/seo.org.pl\/en\/wp-json\/wp\/v2\/media?parent=13492"}],"wp:term":[{"taxonomy":"category","embeddable":true,"href":"https:\/\/seo.org.pl\/en\/wp-json\/wp\/v2\/categories?post=13492"},{"taxonomy":"post_tag","embeddable":true,"href":"https:\/\/seo.org.pl\/en\/wp-json\/wp\/v2\/tags?post=13492"}],"curies":[{"name":"wp","href":"https:\/\/api.w.org\/{rel}","templated":true}]}}