{"id":1335,"date":"2016-12-23T16:03:11","date_gmt":"2016-12-23T15:03:11","guid":{"rendered":"http:\/\/seo.org.pl\/?p=1335"},"modified":"2016-12-23T16:03:11","modified_gmt":"2016-12-23T15:03:11","slug":"informacja-o-konferencji-uzgodnieniowej-kodeksu-urbanistyczno-budowlanego","status":"publish","type":"post","link":"https:\/\/seo.org.pl\/en\/informacja-o-konferencji-uzgodnieniowej-kodeksu-urbanistyczno-budowlanego\/","title":{"rendered":"Informacja o konferencji uzgodnieniowej Kodeksu urbanistyczno-budowlanego"},"content":{"rendered":"<p>Podczas podsumowuj\u0105cej konferencji 16 grudnia w Warszawie minister Andrzej Adamczyk i wiceminister Tomasz \u017buchowski (bezpo\u015brednio kieruj\u0105cy prac\u0105 zespo\u0142u ekspert\u00f3w i legislator\u00f3w, kt\u00f3rzy przygotowali projekt) wst\u0119pnie podsumowali konsultacje i przedstawili harmonogram dalszych prac.<\/p>\n<p>Tomasz \u017buchowski zapowiedzia\u0142, \u017ce <strong>na prze\u0142omie stycznia i lutego 2017 r. MIB przedstawi now\u0105 wersj\u0119 kodeksu, kt\u00f3ra b\u0119dzie uwzgl\u0119dnia\u0107 odniesienie si\u0119 do zg\u0142oszonych dotychczas uwag. W pierwszej po\u0142owie 2017 r. rozpocznie si\u0119 konsultowanie przepis\u00f3w wprowadzaj\u0105cych i przej\u015bciowych \u2013 tak\u017ce w formie regionalnych spotka\u0144. Do kodeksu potrzebnych b\u0119dzie oko\u0142o 120 rozporz\u0105dze\u0144, dlatego r\u00f3wnolegle rozpocz\u0119\u0142y si\u0119 prace nad now\u0105 formu\u0142\u0105 warunk\u00f3w technicznych. Wiceminister zapowiedzia\u0142, \u017ce projekt kodeksu trafi do parlamentu \u0142\u0105cznie z projektem ustawy wprowadzaj\u0105cej kodeks i przygotowanymi projektami podstawowych akt\u00f3w wykonawczych. Mo\u017ce to nast\u0105pi\u0107 w drugiej po\u0142owie 2017 r.<\/strong><\/p>\n<p>Podczas regionalnej konferencji konsultacyjnej w Warszawie zwracano uwag\u0119, na problem wp\u0142ywu decyzji o warunkach zabudowy i zagospodarowania przestrzennego na tzw. rozlewanie si\u0119 osiedli.<\/p>\n<blockquote><p>&#8211; Kodeks urbanistyczno-budowlany jest spe\u0142nieniem nadziei samorz\u0105d\u00f3w, \u015brodowiska budowlanego i inwestor\u00f3w. Wielokrotnie przez lata powtarzano, \u017ce nale\u017cy usun\u0105\u0107 inwestorski tor przeszk\u00f3d i dzi\u015b dajemy dow\u00f3d na to, \u017ce to jest mo\u017cliwe \u2013 m\u00f3wi\u0142 minister Andrzej Adamczyk.<\/p><\/blockquote>\n<p>Minister jako jedn\u0105 z g\u0142\u00f3wnych zalet kodeksu wymieni\u0142 propozycj\u0119 przepis\u00f3w, kt\u00f3re przyspieszaj\u0105 planowanie przestrzenne, a tak\u017ce katalog 6 kategorii inwestycji. Ka\u017cda z kategorii b\u0119dzie mia\u0142a swoj\u0105 \u015bcie\u017ck\u0119 realizacji, co u\u0142atwi realizacj\u0119 i wyeliminuje rozbie\u017cno\u015bci interpretacyjne. Przepisy reguluj\u0105ce proces budowlany s\u0105 rozproszone w wielu aktach prawnych i s\u0105 r\u00f3\u017cnie interpretowane. Powoduje to, \u017ce inwestor bardzo cz\u0119sto ma problem, \u017ceby je zrozumie\u0107 i w\u0142a\u015bciwie stosowa\u0107. Kodeks, sk\u0142adaj\u0105cy si\u0119 z sze\u015bciu ksi\u0105g, tworzy ca\u0142o\u015b\u0107, kt\u00f3ra reguluje sprawy procesu inwestycyjno-budowlanego.<\/p>\n<blockquote><p>&#8211; Dzi\u015b ka\u017cda zmiana w projekcie budowlanym wymaga zgody wydzia\u0142u architektury starostwa powiatowego. Kodeks wprowadza zasad\u0119, \u017ce podstawowe parametry takie jak bry\u0142a budynku, lokalizacja i wysoko\u015b\u0107 maj\u0105 by\u0107 zgodne z planem zagospodarowania przestrzennego. Natomiast wszystko to, co dzieje si\u0119 wewn\u0105trz, je\u015bli jest zgodne z przepisami budowlanymi mo\u017ce by\u0107 spraw\u0105 inwestora i projektanta &#8211; wymieni\u0142 A. Adamczyk.<\/p><\/blockquote>\n<p>Kodeks b\u0119dzie u\u0142atwia\u0142 ochron\u0119 krajobrazu i przestrzeni. Zapisy kodeksu ograniczaj\u0105 rozlewanie si\u0119 zabudowy. Budownictwu mieszkaniowemu musi towarzyszy\u0107 mo\u017cliwo\u015b\u0107 komunikacji, dost\u0119p do ochrony zdrowia oraz szk\u00f3\u0142.<\/p>\n<blockquote><p>&#8211; Je\u015bli miasto chce si\u0119 rozwija\u0107 to musi mie\u0107 narz\u0119dzia do bilansowania planowania przestrzennego \u2013 podkre\u015bli\u0142 wiceminister Tomasz \u017buchowski.<\/p><\/blockquote>\n<p>Rozwi\u0105zania zaproponowane w kodeksie b\u0119d\u0105 wprowadzane stopniowo, w kilkuletnim okresie przej\u015bciowym, co umo\u017cliwi realizacj\u0119 inwestycji na podstawie wydanych decyzji o warunkach zabudowy i pozwole\u0144 na budow\u0119. Decyzje te nie strac\u0105 automatycznie mocy po wej\u015bciu kodeksu w \u017cycie, lecz b\u0119d\u0105 obowi\u0105zywa\u0142y kilka lat. Okres ten zostanie okre\u015blony w przepisach ustawy wprowadzaj\u0105cej kodeks, kt\u00f3ra zostanie zaprezentowana odr\u0119bnie i r\u00f3wnie\u017c poddana szerokim konsultacjom publicznym. Dodatkowo w przepisach ustawy wprowadzaj\u0105cej okre\u015blona zostanie specjalna, korzystna i prosta procedura u\u0142atwiaj\u0105ca legalizacj\u0119 samowoli budowlanych powsta\u0142ych przed wej\u015bciem w \u017cycie kodeksu.<\/p>\n<p>G\u0142\u00f3wnymi celami kodeksu s\u0105:<\/p>\n<ul>\n<li>skr\u00f3cenie i usprawnienie procesu inwestycyjno-budowlanego, w tym likwidacja zb\u0119dnych procedur dla najprostszych budowli;<\/li>\n<li>przywr\u00f3cenie i zapewnienie efektywnego gospodarowania przestrzeni\u0105 oraz wzmocnienie partycypacji spo\u0142ecznej w podejmowaniu rozstrzygni\u0119\u0107 przestrzennych na wszystkich poziomach planowania, aby przypadki dzia\u0142a\u0144 niezgodnych z interesem spo\u0142eczno\u015bci lokalnej nale\u017ca\u0142y do rzadko\u015bci;<\/li>\n<li>efektywny i transparentny proces lokalizacji i realizacji inwestycji publicznych.<\/li>\n<\/ul>\n<p><a title=\"statystyka konsultacji\" href=\"http:\/\/mib.gov.pl\/files\/0\/1797495\/prezentacjaMTZ.pdf\">Szczeg\u00f3\u0142owe podsumowanie dotychczasowych konsultacji publicznych projektu<\/a><\/p>\n","protected":false},"excerpt":{"rendered":"<p>Podczas podsumowuj\u0105cej konferencji 16 grudnia w Warszawie minister Andrzej Adamczyk i wiceminister Tomasz \u017buchowski (bezpo\u015brednio kieruj\u0105cy prac\u0105 zespo\u0142u ekspert\u00f3w i legislator\u00f3w, kt\u00f3rzy przygotowali projekt) wst\u0119pnie podsumowali konsultacje i przedstawili harmonogram dalszych prac. Tomasz \u017buchowski zapowiedzia\u0142, \u017ce na prze\u0142omie stycznia i lutego 2017 r. MIB przedstawi now\u0105 wersj\u0119 kodeksu, kt\u00f3ra b\u0119dzie uwzgl\u0119dnia\u0107 odniesienie si\u0119 do zg\u0142oszonych [&hellip;]<\/p>\n","protected":false},"author":1,"featured_media":921,"comment_status":"closed","ping_status":"open","sticky":false,"template":"","format":"standard","meta":{"ocean_post_layout":"","ocean_both_sidebars_style":"","ocean_both_sidebars_content_width":0,"ocean_both_sidebars_sidebars_width":0,"ocean_sidebar":"","ocean_second_sidebar":"","ocean_disable_margins":"enable","ocean_add_body_class":"","ocean_shortcode_before_top_bar":"","ocean_shortcode_after_top_bar":"","ocean_shortcode_before_header":"","ocean_shortcode_after_header":"","ocean_has_shortcode":"","ocean_shortcode_after_title":"","ocean_shortcode_before_footer_widgets":"","ocean_shortcode_after_footer_widgets":"","ocean_shortcode_before_footer_bottom":"","ocean_shortcode_after_footer_bottom":"","ocean_display_top_bar":"default","ocean_display_header":"default","ocean_header_style":"","ocean_center_header_left_menu":"","ocean_custom_header_template":"","ocean_custom_logo":0,"ocean_custom_retina_logo":0,"ocean_custom_logo_max_width":0,"ocean_custom_logo_tablet_max_width":0,"ocean_custom_logo_mobile_max_width":0,"ocean_custom_logo_max_height":0,"ocean_custom_logo_tablet_max_height":0,"ocean_custom_logo_mobile_max_height":0,"ocean_header_custom_menu":"","ocean_menu_typo_font_family":"","ocean_menu_typo_font_subset":"","ocean_menu_typo_font_size":0,"ocean_menu_typo_font_size_tablet":0,"ocean_menu_typo_font_size_mobile":0,"ocean_menu_typo_font_size_unit":"px","ocean_menu_typo_font_weight":"","ocean_menu_typo_font_weight_tablet":"","ocean_menu_typo_font_weight_mobile":"","ocean_menu_typo_transform":"","ocean_menu_typo_transform_tablet":"","ocean_menu_typo_transform_mobile":"","ocean_menu_typo_line_height":0,"ocean_menu_typo_line_height_tablet":0,"ocean_menu_typo_line_height_mobile":0,"ocean_menu_typo_line_height_unit":"","ocean_menu_typo_spacing":0,"ocean_menu_typo_spacing_tablet":0,"ocean_menu_typo_spacing_mobile":0,"ocean_menu_typo_spacing_unit":"","ocean_menu_link_color":"","ocean_menu_link_color_hover":"","ocean_menu_link_color_active":"","ocean_menu_link_background":"","ocean_menu_link_hover_background":"","ocean_menu_link_active_background":"","ocean_menu_social_links_bg":"","ocean_menu_social_hover_links_bg":"","ocean_menu_social_links_color":"","ocean_menu_social_hover_links_color":"","ocean_disable_title":"default","ocean_disable_heading":"default","ocean_post_title":"","ocean_post_subheading":"","ocean_post_title_style":"","ocean_post_title_background_color":"","ocean_post_title_background":0,"ocean_post_title_bg_image_position":"","ocean_post_title_bg_image_attachment":"","ocean_post_title_bg_image_repeat":"","ocean_post_title_bg_image_size":"","ocean_post_title_height":0,"ocean_post_title_bg_overlay":0.5,"ocean_post_title_bg_overlay_color":"","ocean_disable_breadcrumbs":"default","ocean_breadcrumbs_color":"","ocean_breadcrumbs_separator_color":"","ocean_breadcrumbs_links_color":"","ocean_breadcrumbs_links_hover_color":"","ocean_display_footer_widgets":"default","ocean_display_footer_bottom":"default","ocean_custom_footer_template":"","ocean_post_oembed":"","ocean_post_self_hosted_media":"","ocean_post_video_embed":"","ocean_link_format":"","ocean_link_format_target":"self","ocean_quote_format":"","ocean_quote_format_link":"post","ocean_gallery_link_images":"on","ocean_gallery_id":[],"footnotes":""},"categories":[34],"tags":[126],"class_list":["post-1335","post","type-post","status-publish","format-standard","has-post-thumbnail","hentry","category-informacje","tag-kub","entry","has-media"],"_links":{"self":[{"href":"https:\/\/seo.org.pl\/en\/wp-json\/wp\/v2\/posts\/1335","targetHints":{"allow":["GET"]}}],"collection":[{"href":"https:\/\/seo.org.pl\/en\/wp-json\/wp\/v2\/posts"}],"about":[{"href":"https:\/\/seo.org.pl\/en\/wp-json\/wp\/v2\/types\/post"}],"author":[{"embeddable":true,"href":"https:\/\/seo.org.pl\/en\/wp-json\/wp\/v2\/users\/1"}],"replies":[{"embeddable":true,"href":"https:\/\/seo.org.pl\/en\/wp-json\/wp\/v2\/comments?post=1335"}],"version-history":[{"count":0,"href":"https:\/\/seo.org.pl\/en\/wp-json\/wp\/v2\/posts\/1335\/revisions"}],"wp:featuredmedia":[{"embeddable":true,"href":"https:\/\/seo.org.pl\/en\/wp-json\/wp\/v2\/media\/921"}],"wp:attachment":[{"href":"https:\/\/seo.org.pl\/en\/wp-json\/wp\/v2\/media?parent=1335"}],"wp:term":[{"taxonomy":"category","embeddable":true,"href":"https:\/\/seo.org.pl\/en\/wp-json\/wp\/v2\/categories?post=1335"},{"taxonomy":"post_tag","embeddable":true,"href":"https:\/\/seo.org.pl\/en\/wp-json\/wp\/v2\/tags?post=1335"}],"curies":[{"name":"wp","href":"https:\/\/api.w.org\/{rel}","templated":true}]}}