{"id":13155,"date":"2022-01-11T12:01:37","date_gmt":"2022-01-11T11:01:37","guid":{"rendered":"http:\/\/seo.org.pl\/?p=13155"},"modified":"2022-04-07T15:29:14","modified_gmt":"2022-04-07T13:29:14","slug":"energetyka-2021-roku-i-co-dalej","status":"publish","type":"post","link":"https:\/\/seo.org.pl\/en\/energetyka-2021-roku-i-co-dalej\/","title":{"rendered":"Energetyka \u20132021 roku i co dalej ?"},"content":{"rendered":"<p><strong>Rok 2021<\/strong> mo\u017ce okaza\u0107 si\u0119 <strong>prze\u0142omowy<\/strong> w podej\u015bciu spo\u0142ecznym do problem\u00f3w energetyki. Dotychczas problemy tego sektora nie cieszy\u0142y si\u0119 szczeg\u00f3lnym zainteresowaniem spo\u0142ecznym, przeci\u0119tny u\u017cytkownik nie zastanawia\u0142 si\u0119 sk\u0105d energia pochodzi i jaki wp\u0142yw na \u017cycie ma spos\u00f3b jej wytwarzania i dystrybucji.<\/p>\n<p><strong>Ten rok pokaza\u0142<\/strong> i to chyba spo\u0142ecze\u0144stwom wi\u0119kszo\u015bci kraj\u00f3w europejskich jak istotny wp\u0142yw na ich \u017cycie ma rodzaj dostarczanej energii i spos\u00f3b jej dystrybucji.<br \/>\nMia\u0142 na to wp\u0142yw wysoki <strong>wzrost cen energii<\/strong> w ca\u0142ej Europie, spowodowany g\u0142\u00f3wnie <strong>dzia\u0142aniami spekulacyjnymi<\/strong> na rynkach energii. Ale nie tylko, wreszcie zacz\u0119to sobie zdawa\u0107 spraw\u0119 z istoty poj\u0119cia jakim jest <strong>komfort \u017cycia<\/strong>, i roli energii elektrycznej w kszta\u0142towaniu tego komfortu.<br \/>\nElektryfikacja wi\u0119kszo\u015bci dziedzin naszego \u017cycia , w szczeg\u00f3lno\u015bci za\u015b ciep\u0142ownictwa i transportu, zmieni obraz \u017cycia spo\u0142ecze\u0144stw Europy i spowoduje wi\u0119ksze zainteresowanie istot\u0105 energetyki. Maj\u0105 temu s\u0142u\u017cy\u0107 r\u00f3wnie\u017c <strong>prosumenckie programy<\/strong> rozwojowe energetyki indywidualnej.<\/p>\n<p>Poniewa\u017c wzrost cen energii nie ma naturalnego charakteru wynikaj\u0105cego z cyklu produkcyjnego i dystrybucyjnego, mo\u017cna przewidzie\u0107 \u017ce po powrocie do normalno\u015bci ceny energii w Europie powr\u00f3c\u0105 do stanu r\u00f3wnowagi z tendencj\u0105 do ich spadku lub stabilizacji.<\/p>\n<p>Dotychczas w \u015bwiadomo\u015bci polskiego spo\u0142ecze\u0144stwa istnieje przekonanie \u017ce za dostawy energii odpowiada pa\u0144stwo, pr\u0105d musi by\u0107 zawsze, wsz\u0119dzie i ma by\u0107 tani, a energia nie jest towarem tylko w\u0142asno\u015bci\u0105 nabyt\u0105 kt\u00f3ra po prostu si\u0119 ka\u017cdemu nale\u017cy.<br \/>\n<strong>Zmiana mentalno\u015bci energetycznej<\/strong> dla polskiego spo\u0142ecze\u0144stwa wydaje si\u0119 by\u0107 szokiem i jest trudno przyswajalna.<br \/>\nPodstaw\u0105 transformacji energetycznej b\u0119dzie wi\u0119c u\u015bwiadomienie spo\u0142ecze\u0144stwu \u017ce <strong>energia jest takim samym towarem jak inne dobra<\/strong> i ceny tego towaru podlegaj\u0105 prawom rynkowym.<\/p>\n<p>Poniewa\u017c ciep\u0142ownictwo podlega ju\u017c w \u015bwiadomo\u015bci spo\u0142ecznej takim regu\u0142om, nale\u017cy podj\u0105\u0107 jak najszybciej szerokie dzia\u0142ania edukacyjne w kierunku u\u015bwiadomienia spo\u0142ecze\u0144stwu stopnia wsp\u00f3\u0142zale\u017cno\u015bci energetyki i ciep\u0142ownictwa i pokazanie odbiorcom energii i ciep\u0142a \u017ce w przysz\u0142o\u015bci elektrociep\u0142ownictwo zdominuje r\u00f3wnie\u017c rynek ciep\u0142a.<\/p>\n<hr \/>\n<p><span style=\"font-size: 1.6em; font-style: italic; font-weight: 300;\">Energetyka rozproszona to w przysz\u0142o\u015bci prawdopodobnie podstawowy model energetyczny pa\u0144stw europejskich, a integracja europejskiego rynku energii zapewni jednolite niskie ceny energii uczestnikom rynk\u00f3w energii w Europie.<\/span><\/p>\n<hr \/>\n<p><strong>Ostatnie zawirowania energetyczne w Europie mog\u0105 si\u0119 okaza\u0107 korzystne dla energetycznych interes\u00f3w Polski<\/strong>, je\u015bli potrafimy w spos\u00f3b dyplomatyczny wykorzysta\u0107 t\u0105 sytuacj\u0119 to mo\u017cemy rozwijaj\u0105c odnawialne \u017ar\u00f3d\u0142a energii i energetyk\u0119 gazow\u0105, obroni\u0107 cz\u0119\u015b\u0107 energetyki w\u0119glowej i w przysz\u0142o\u015bci nie obawia\u0107 si\u0119 ani blekautu ani destabilizacji cenowej rynku energii.<\/p>\n<p>Pomimo pakietu Fit for 55 Polska powinna zachowa\u0107 pewn\u0105 cz\u0119\u015b\u0107 elektrowni w\u0119glowych jako element bezpiecze\u0144stwa energetycznego kraju. Uzasadnieniem dla podj\u0119cia dzia\u0142a\u0144 w tym kierunku powinno by\u0107 zagro\u017cenie blackoutem z czym licz\u0105 si\u0119 kraje europejskie.<\/p>\n<p>Na szcz\u0119\u015bcie podobno Ministerstwo Klimatu prowadzi rozmowy z Bruksel\u0105 dotycz\u0105ce planu utrzymania cz\u0119\u015bci elektrowni w\u0119glowych. Rozmowy dotycz\u0105 mi\u0119dzy innymi mechanizmu kt\u00f3ry ma zast\u0105pi\u0107 rynek mocy po 2025 roku.<br \/>\nObowi\u0105zuj\u0105ce unijne rozporz\u0105dzenie <strong>wykluczaj\u0105 z rynku mocy<\/strong> elektrownie, kt\u00f3re emituj\u0105 powy\u017cej <strong>550 kg CO<sup>2<\/sup><\/strong> na jeden megawatogodzin\u0119. A elektrownie w\u0119glowe \u015brednio produkuj\u0105 ponad <strong>700 kg na jedn\u0105 MWh<\/strong>.<\/p>\n<hr \/>\n<p><span style=\"font-size: 1.6em; font-style: italic; font-weight: 300;\">Musimy jednak pami\u0119ta\u0107 \u017ce Komisja Europejska mo\u017ce zgodzi\u0107 si\u0119 na pewne korzystne dla naszej gospodarki rozwi\u0105zania w\u0119glowe, ale wy\u0142\u0105cznie przy gwarancji intensywnego rozwoju \u017ar\u00f3de\u0142 odnawialnych.<\/span><\/p>\n<hr \/>\n<p>Polsce mo\u017ce <strong>brakowa\u0107 nawet 10 tys. MW mocy<\/strong> aby ustabilizowa\u0107 bilans energetyczny. Nie mamy innego sposobu jak elektrownie w\u0119glowe, co r\u00f3wna si\u0119 z zapotrzebowaniem oko\u0142o <strong>20 mln ton w\u0119gla rocznie<\/strong>. To mniej wi\u0119cej tyle ile wydobywaj\u0105 rentowne kopalnie w kraju, czyli Bogdanka i Rybnicki Okr\u0119g W\u0119glowy.<\/p>\n<hr \/>\n<p><span style=\"font-size: 1.6em; font-style: italic; font-weight: 300;\">Koncepcja programowa zak\u0142adaj\u0105ca dynamiczny rozw\u00f3j energetyki odnawialnej wspomaganej \u017ar\u00f3d\u0142ami gazowymi, przy zabezpieczeniu systemu elektrowniami w\u0119glowymi na poziomie 10 tys. MW mocy, powinna by\u0107 osi\u0105 programow\u0105 polskiej transformacji energetycznej.<\/span><\/p>\n<hr \/>\n<p>W\u00f3wczas b\u0119dziemy mogli bez po\u015bpiechu wdra\u017ca\u0107 energetyk\u0119 nuklearn\u0105 i \u017ar\u00f3d\u0142a wodorowe. I z ca\u0142\u0105 pewno\u015bci\u0105 nie b\u0119dziemy nara\u017ceni na blackout, wr\u0119cz przeciwnie b\u0119dziemy mogli bardzo rentownie sprzedawa\u0107 energi\u0119 na rynki europejskie.<br \/>\nNiestety, pomimo wielu pozytywnych dzia\u0142a\u0144 ze strony w\u0142adz w 2021 roku dalej nie wida\u0107 jasnej i czytelnej koncepcji polskiej transformacji energetycznej. A jest ona tak oczywista, \u017ce nie wymaga specjalnych zabieg\u00f3w \u017ceby j\u0105 uszczeg\u00f3\u0142owi\u0107 i konsekwentnie realizowa\u0107.<\/p>\n<p><strong>Nie ma innej drogi dla polskiej energetyki ni\u017c opisane powy\u017cej za\u0142o\u017cenia.<\/strong> Co wi\u0119cej, taka forma transformacji jest w naszych warunkach mo\u017cliwa i nie b\u0119dzie zbyt kosztowna. Nowoczesne nadkrytyczne bloki w\u0119glowe b\u0119d\u0105 pracowa\u0107 bezawaryjnie jeszcze przez wiele lat, energetyka gazowa nie jest bardzo drogim inwestycyjnie \u017ar\u00f3d\u0142em energii, a remonty adaptacyjne blok\u00f3w 200 to ju\u017c naprawd\u0119 niewielkie koszty. Takie jednostki mog\u0105 znakomicie uzupe\u0142nia\u0107 braki energii w momentach kiedy zaistnieje niebezpiecze\u0144stwo braku energii. Zwi\u0119kszenie ich elastyczno\u015bci umo\u017cliwi wspieranie pracy \u017ar\u00f3de\u0142 odnawialnych. Tak wi\u0119c rozs\u0105dne inwestycje w energetyce w\u0119glowej mog\u0105 si\u0119 okaza\u0107 korzystne dla rozwoju odnawialnych \u017ar\u00f3de\u0142 energii.<\/p>\n<hr \/>\n<p><span style=\"font-size: 1.6em; font-style: italic; font-weight: 300;\">Rok 2021 mo\u017cna okre\u015bli\u0107 jako korzystny z punktu widzenia polskich interes\u00f3w energetycznych.<\/span><\/p>\n<hr \/>\n<p><strong>Komisja Europejska<\/strong> prawdopodobnie <strong>wyrazi zgod\u0119<\/strong> na realistyczny proces polskiej transformacji energetycznej, co b\u0119dzie oznacza\u0142o akceptacj\u0119 dla wyd\u0142u\u017conego terminu odchodzenia naszej gospodarki od energetyki w\u0119glowej. To z kolei pozwoli na szersz\u0105 spo\u0142ecznie akceptacj\u0119 tego procesu i nie b\u0119dzie powodowa\u0142o niepotrzebnych napi\u0119\u0107, szczeg\u00f3lnie w\u015br\u00f3d g\u00f3rnik\u00f3w \u015bl\u0105skiej aglomeracji przemys\u0142owej.<br \/>\nJe\u015bli przedstawiony powy\u017cej model naszego miksu energetycznego zostanie zaakceptowany przez spo\u0142ecze\u0144stwo i czynniki europejskie, to Polska na dziesi\u0119ciolecia <strong>uporz\u0105dkuje sytuacj\u0119 w energetyce, przy akceptowalnych spo\u0142ecznie cenach energii i ciep\u0142a<\/strong>. Tak wi\u0119c europejskie k\u0142opoty na rynkach energetycznych akurat dla Polski mog\u0105 okaza\u0107 si\u0119 korzystne z punktu widzenia ochrony naszych interes\u00f3w gospodarczych, oczywi\u015bcie pod warunkiem skutecznych dzia\u0142a\u0144 negocjacyjnych i dyplomatycznych. A takie ostatnio s\u0105 podejmowane, na przyk\u0142ad w sprawie ograniczenia <strong>spekulacji certyfikatami CO<sup>2<\/sup><\/strong>.<\/p>\n<p><strong>Intensywna spekulacja<\/strong> tymi uprawnieniami doprowadzi\u0142a do niespotykanego wzrostu ich cen, co ma fatalne skutki dla ca\u0142ej naszej gospodarki, poprzez drastyczny wzrost cen energii. Dodaj\u0105c do tego <strong>spekulacyjny obraz rynku gazu<\/strong>, mamy bardzo niestabiln\u0105 sytuacj\u0119 na ca\u0142ym rynku energii i ciep\u0142a.<\/p>\n<p>Jak taka sytuacja wp\u0142ywa na ca\u0142\u0105 polsk\u0105 gospodark\u0119, \u0142atwo sobie wyobrazi\u0107. Ale taka sytuacja mo\u017ce <strong>uzasadnia\u0107 rol\u0119 w\u0119gla<\/strong> jako stabilizatora energetycznego dla innych \u017ar\u00f3de\u0142, co powinni\u015bmy wykorzysta\u0107 w negocjacjach z Komisj\u0105 Europejsk\u0105. Pozostawienie, przynajmniej <strong>do 2045 roku 10 MW mocy w energetyce w\u0119glowej<\/strong>, le\u017cy w interesie polskiej gospodarki. I w \u017cadnym wypadku <strong>nie koliduje to z rozwojem \u017ar\u00f3de\u0142 odnawialnych<\/strong>, wodorowych czy nuklearnych. Wr\u0119cz przeciwnie, wyd\u0142u\u017canie termin\u00f3w odchodzenia od w\u0119gla jest uwarunkowane <strong>szybkim rozwojem<\/strong> \u017ar\u00f3de\u0142 odnawialnych i gazowych.<\/p>\n<p><em>W\u0142odzimierz Ehrenhalt<\/em><\/p>\n","protected":false},"excerpt":{"rendered":"<p>Rok 2021 mo\u017ce okaza\u0107 si\u0119 prze\u0142omowy w podej\u015bciu spo\u0142ecznym do problem\u00f3w energetyki. Dotychczas problemy tego sektora nie cieszy\u0142y si\u0119 szczeg\u00f3lnym zainteresowaniem spo\u0142ecznym, przeci\u0119tny u\u017cytkownik nie zastanawia\u0142 si\u0119 sk\u0105d energia pochodzi i jaki wp\u0142yw na \u017cycie ma spos\u00f3b jej wytwarzania i dystrybucji. Ten rok pokaza\u0142 i to chyba spo\u0142ecze\u0144stwom wi\u0119kszo\u015bci kraj\u00f3w europejskich jak istotny wp\u0142yw na [&hellip;]<\/p>\n","protected":false},"author":1,"featured_media":13455,"comment_status":"closed","ping_status":"open","sticky":false,"template":"","format":"standard","meta":{"ocean_post_layout":"","ocean_both_sidebars_style":"","ocean_both_sidebars_content_width":0,"ocean_both_sidebars_sidebars_width":0,"ocean_sidebar":"","ocean_second_sidebar":"","ocean_disable_margins":"enable","ocean_add_body_class":"","ocean_shortcode_before_top_bar":"","ocean_shortcode_after_top_bar":"","ocean_shortcode_before_header":"","ocean_shortcode_after_header":"","ocean_has_shortcode":"","ocean_shortcode_after_title":"","ocean_shortcode_before_footer_widgets":"","ocean_shortcode_after_footer_widgets":"","ocean_shortcode_before_footer_bottom":"","ocean_shortcode_after_footer_bottom":"","ocean_display_top_bar":"default","ocean_display_header":"default","ocean_header_style":"","ocean_center_header_left_menu":"","ocean_custom_header_template":"","ocean_custom_logo":0,"ocean_custom_retina_logo":0,"ocean_custom_logo_max_width":0,"ocean_custom_logo_tablet_max_width":0,"ocean_custom_logo_mobile_max_width":0,"ocean_custom_logo_max_height":0,"ocean_custom_logo_tablet_max_height":0,"ocean_custom_logo_mobile_max_height":0,"ocean_header_custom_menu":"","ocean_menu_typo_font_family":"","ocean_menu_typo_font_subset":"","ocean_menu_typo_font_size":0,"ocean_menu_typo_font_size_tablet":0,"ocean_menu_typo_font_size_mobile":0,"ocean_menu_typo_font_size_unit":"px","ocean_menu_typo_font_weight":"","ocean_menu_typo_font_weight_tablet":"","ocean_menu_typo_font_weight_mobile":"","ocean_menu_typo_transform":"","ocean_menu_typo_transform_tablet":"","ocean_menu_typo_transform_mobile":"","ocean_menu_typo_line_height":0,"ocean_menu_typo_line_height_tablet":0,"ocean_menu_typo_line_height_mobile":0,"ocean_menu_typo_line_height_unit":"","ocean_menu_typo_spacing":0,"ocean_menu_typo_spacing_tablet":0,"ocean_menu_typo_spacing_mobile":0,"ocean_menu_typo_spacing_unit":"","ocean_menu_link_color":"","ocean_menu_link_color_hover":"","ocean_menu_link_color_active":"","ocean_menu_link_background":"","ocean_menu_link_hover_background":"","ocean_menu_link_active_background":"","ocean_menu_social_links_bg":"","ocean_menu_social_hover_links_bg":"","ocean_menu_social_links_color":"","ocean_menu_social_hover_links_color":"","ocean_disable_title":"default","ocean_disable_heading":"default","ocean_post_title":"","ocean_post_subheading":"","ocean_post_title_style":"","ocean_post_title_background_color":"","ocean_post_title_background":0,"ocean_post_title_bg_image_position":"","ocean_post_title_bg_image_attachment":"","ocean_post_title_bg_image_repeat":"","ocean_post_title_bg_image_size":"","ocean_post_title_height":0,"ocean_post_title_bg_overlay":0.5,"ocean_post_title_bg_overlay_color":"","ocean_disable_breadcrumbs":"default","ocean_breadcrumbs_color":"","ocean_breadcrumbs_separator_color":"","ocean_breadcrumbs_links_color":"","ocean_breadcrumbs_links_hover_color":"","ocean_display_footer_widgets":"default","ocean_display_footer_bottom":"default","ocean_custom_footer_template":"","ocean_post_oembed":"","ocean_post_self_hosted_media":"","ocean_post_video_embed":"","ocean_link_format":"","ocean_link_format_target":"self","ocean_quote_format":"","ocean_quote_format_link":"post","ocean_gallery_link_images":"on","ocean_gallery_id":[],"footnotes":""},"categories":[178],"tags":[],"class_list":["post-13155","post","type-post","status-publish","format-standard","has-post-thumbnail","hentry","category-blog","entry","has-media"],"_links":{"self":[{"href":"https:\/\/seo.org.pl\/en\/wp-json\/wp\/v2\/posts\/13155","targetHints":{"allow":["GET"]}}],"collection":[{"href":"https:\/\/seo.org.pl\/en\/wp-json\/wp\/v2\/posts"}],"about":[{"href":"https:\/\/seo.org.pl\/en\/wp-json\/wp\/v2\/types\/post"}],"author":[{"embeddable":true,"href":"https:\/\/seo.org.pl\/en\/wp-json\/wp\/v2\/users\/1"}],"replies":[{"embeddable":true,"href":"https:\/\/seo.org.pl\/en\/wp-json\/wp\/v2\/comments?post=13155"}],"version-history":[{"count":0,"href":"https:\/\/seo.org.pl\/en\/wp-json\/wp\/v2\/posts\/13155\/revisions"}],"wp:featuredmedia":[{"embeddable":true,"href":"https:\/\/seo.org.pl\/en\/wp-json\/wp\/v2\/media\/13455"}],"wp:attachment":[{"href":"https:\/\/seo.org.pl\/en\/wp-json\/wp\/v2\/media?parent=13155"}],"wp:term":[{"taxonomy":"category","embeddable":true,"href":"https:\/\/seo.org.pl\/en\/wp-json\/wp\/v2\/categories?post=13155"},{"taxonomy":"post_tag","embeddable":true,"href":"https:\/\/seo.org.pl\/en\/wp-json\/wp\/v2\/tags?post=13155"}],"curies":[{"name":"wp","href":"https:\/\/api.w.org\/{rel}","templated":true}]}}