{"id":1249,"date":"2016-12-16T08:45:04","date_gmt":"2016-12-16T07:45:04","guid":{"rendered":"http:\/\/seo.org.pl\/?p=1249"},"modified":"2016-12-16T08:45:04","modified_gmt":"2016-12-16T07:45:04","slug":"program-elektromobilnosci-zaproszenie-miast-i-gmin-do-wspolpracy","status":"publish","type":"post","link":"https:\/\/seo.org.pl\/en\/program-elektromobilnosci-zaproszenie-miast-i-gmin-do-wspolpracy\/","title":{"rendered":"Program Elektromobilno\u015bci \u2013 zaproszenie miast i gmin do wsp\u00f3\u0142pracy"},"content":{"rendered":"<p><strong>Ministerstwo Rozwoju, Ministerstwo Energii oraz Polski Fundusz Rozwoju, pod auspicjami Zwi\u0105zku Miast Polskich, zach\u0119caj\u0105 w\u0142adze polskich miast i gmin do wsp\u00f3\u0142pracy na rzecz tworzenia w Polsce warunk\u00f3w do rozwoju bran\u017cy elektromobilno\u015bci.<\/strong><\/p>\n<p>Prezydent\u00f3w i Burmistrz\u00f3w Miast oraz W\u00f3jt\u00f3w Gmin, kt\u00f3rzy deklaruj\u0105 ch\u0119\u0107 zaanga\u017cowania si\u0119 oraz wprowadzenia pojazd\u00f3w elektrycznych do komunikacji miejskiej, zapraszamy do podpisania listu intencyjnego.<\/p>\n<p>Elektromobilno\u015b\u0107 jest jednym z kluczowych obszar\u00f3w okre\u015blonych w Strategii na rzecz Odpowiedzialnego Rozwoju. Program, ma na celu stworzenie dogodnych warunk\u00f3w dla upowszechniania korzystania z pojazd\u00f3w elektrycznych, w tym g\u0142\u00f3wnie zbiorowego transportu miejskiego, opartego zar\u00f3wno o autobusy elektryczne, jak i pozosta\u0142e \u015brodki transportu wykorzystuj\u0105ce nap\u0119d elektryczny wraz z infrastruktur\u0105 \u0142adowania.<\/p>\n<p>Efektem wdra\u017cania Programu Elektromobilno\u015bci z perspektywy miast jest poprawa jako\u015bci \u017cycia mieszka\u0144c\u00f3w poprzez m.in. ograniczenie zanieczyszcze\u0144 powietrza, obni\u017cenie ha\u0142asu oraz popraw\u0119 dost\u0119pno\u015bci i komfortu komunikacji miejskiej.<\/p>\n<p>Zainteresowanych inicjatyw\u0105, prosimy o zg\u0142oszenia w terminie <strong>do 11 stycznia 2017 r.<\/strong> na <a title=\"Wz\u00f3r - formularz zg\u0142oszenia\" href=\"https:\/\/www.mr.gov.pl\/media\/30506\/Formularz_zgloszenia_wzor.docx\" target=\"undefined\">za\u0142\u0105czonym wzorze<\/a><span class=\"file-details\">\u00a0(DOCX 22 KB)<\/span>.<\/p>\n<p>Zg\u0142oszenie wyra\u017caj\u0105ce wol\u0119 podpisania listu intencyjnego powinno by\u0107 podpisane przez Prezydenta\/Burmistrza lub W\u00f3jta (lub zast\u0119pc\u00f3w) oraz przes\u0142ane na adres:<\/p>\n<p>Barbara Szumska<br \/>\nPolski Fundusz Rozwoju S.A.<br \/>\nul. Ksi\u0105\u017c\u0119ca 4,<br \/>\n00-498 Warszawa.<\/p>\n<p>Organizator zastrzega sobie prawo do podpisania listu intencyjnego z nie wi\u0119cej ni\u017c 10 miastami lub gminami, bior\u0105c pod uwag\u0119 uwarunkowania zwi\u0105zane z zanieczyszczeniem powietrza oraz ich plany w zakresie elektromobilno\u015bci, w tym planowany procent udzia\u0142u autobus\u00f3w elektrycznych we flocie, dotychczas dokonane zakupy pojazd\u00f3w elektrycznych i plany w zakresie carsharingu.<\/p>\n<p>Uroczyste podpisanie list\u00f3w intencyjnych nast\u0105pi podczas konferencji planowanej na stycze\u0144 2017 r.<\/p>\n<p><strong>Kontakt:<\/strong><\/p>\n<p>Barbara Szumska, Polski Fundusz Rozwoju S.A., E: <a title=\"barbara.szumska@pfr.pl,\" href=\"mailto:barbara.szumska@pfr.pl,\" target=\"undefined\">barbara.szumska@pfr.pl,<\/a> M: +48 504 996 007.<\/p>\n<p><strong>Dodatkowe informacje i linki<\/strong><\/p>\n<p><a title=\"Za\u0142o\u017cenia programu E-Bus\" href=\"https:\/\/www.mr.gov.pl\/strony\/plan-na-rzecz-odpowiedzialnego-rozwoju\/kluczowe-projekty\/program-e-bus-polski-autobus-elektryczny\/\" target=\"undefined\">Za\u0142o\u017cenia Programu e- BUS<\/a><\/p>\n<p><a class=\"ico-hyperlink\" title=\"Plan Rozwoju Elektromobilno\u015bci\" href=\"http:\/\/bip.me.gov.pl\/files\/upload\/26453\/Plan%20Rozwoju%20Elektromobilno%C5%9Bci.pdf\" target=\"undefined\">Plan Rozwoju Elektromobilno\u015bci opracowany w Ministerstwie Energii<\/a><\/p>\n<p>\u0179r\u00f3d\u0142o: mr.gov.pl<\/p>\n","protected":false},"excerpt":{"rendered":"<p>Ministerstwo Rozwoju, Ministerstwo Energii oraz Polski Fundusz Rozwoju, pod auspicjami Zwi\u0105zku Miast Polskich, zach\u0119caj\u0105 w\u0142adze polskich miast i gmin do wsp\u00f3\u0142pracy na rzecz tworzenia w Polsce warunk\u00f3w do rozwoju bran\u017cy elektromobilno\u015bci. Prezydent\u00f3w i Burmistrz\u00f3w Miast oraz W\u00f3jt\u00f3w Gmin, kt\u00f3rzy deklaruj\u0105 ch\u0119\u0107 zaanga\u017cowania si\u0119 oraz wprowadzenia pojazd\u00f3w elektrycznych do komunikacji miejskiej, zapraszamy do podpisania listu intencyjnego. [&hellip;]<\/p>\n","protected":false},"author":1,"featured_media":1103,"comment_status":"closed","ping_status":"open","sticky":false,"template":"","format":"standard","meta":{"ocean_post_layout":"","ocean_both_sidebars_style":"","ocean_both_sidebars_content_width":0,"ocean_both_sidebars_sidebars_width":0,"ocean_sidebar":"","ocean_second_sidebar":"","ocean_disable_margins":"enable","ocean_add_body_class":"","ocean_shortcode_before_top_bar":"","ocean_shortcode_after_top_bar":"","ocean_shortcode_before_header":"","ocean_shortcode_after_header":"","ocean_has_shortcode":"","ocean_shortcode_after_title":"","ocean_shortcode_before_footer_widgets":"","ocean_shortcode_after_footer_widgets":"","ocean_shortcode_before_footer_bottom":"","ocean_shortcode_after_footer_bottom":"","ocean_display_top_bar":"default","ocean_display_header":"default","ocean_header_style":"","ocean_center_header_left_menu":"","ocean_custom_header_template":"","ocean_custom_logo":0,"ocean_custom_retina_logo":0,"ocean_custom_logo_max_width":0,"ocean_custom_logo_tablet_max_width":0,"ocean_custom_logo_mobile_max_width":0,"ocean_custom_logo_max_height":0,"ocean_custom_logo_tablet_max_height":0,"ocean_custom_logo_mobile_max_height":0,"ocean_header_custom_menu":"","ocean_menu_typo_font_family":"","ocean_menu_typo_font_subset":"","ocean_menu_typo_font_size":0,"ocean_menu_typo_font_size_tablet":0,"ocean_menu_typo_font_size_mobile":0,"ocean_menu_typo_font_size_unit":"px","ocean_menu_typo_font_weight":"","ocean_menu_typo_font_weight_tablet":"","ocean_menu_typo_font_weight_mobile":"","ocean_menu_typo_transform":"","ocean_menu_typo_transform_tablet":"","ocean_menu_typo_transform_mobile":"","ocean_menu_typo_line_height":0,"ocean_menu_typo_line_height_tablet":0,"ocean_menu_typo_line_height_mobile":0,"ocean_menu_typo_line_height_unit":"","ocean_menu_typo_spacing":0,"ocean_menu_typo_spacing_tablet":0,"ocean_menu_typo_spacing_mobile":0,"ocean_menu_typo_spacing_unit":"","ocean_menu_link_color":"","ocean_menu_link_color_hover":"","ocean_menu_link_color_active":"","ocean_menu_link_background":"","ocean_menu_link_hover_background":"","ocean_menu_link_active_background":"","ocean_menu_social_links_bg":"","ocean_menu_social_hover_links_bg":"","ocean_menu_social_links_color":"","ocean_menu_social_hover_links_color":"","ocean_disable_title":"default","ocean_disable_heading":"default","ocean_post_title":"","ocean_post_subheading":"","ocean_post_title_style":"","ocean_post_title_background_color":"","ocean_post_title_background":0,"ocean_post_title_bg_image_position":"","ocean_post_title_bg_image_attachment":"","ocean_post_title_bg_image_repeat":"","ocean_post_title_bg_image_size":"","ocean_post_title_height":0,"ocean_post_title_bg_overlay":0.5,"ocean_post_title_bg_overlay_color":"","ocean_disable_breadcrumbs":"default","ocean_breadcrumbs_color":"","ocean_breadcrumbs_separator_color":"","ocean_breadcrumbs_links_color":"","ocean_breadcrumbs_links_hover_color":"","ocean_display_footer_widgets":"default","ocean_display_footer_bottom":"default","ocean_custom_footer_template":"","ocean_post_oembed":"","ocean_post_self_hosted_media":"","ocean_post_video_embed":"","ocean_link_format":"","ocean_link_format_target":"self","ocean_quote_format":"","ocean_quote_format_link":"post","ocean_gallery_link_images":"on","ocean_gallery_id":[],"footnotes":""},"categories":[34],"tags":[80],"class_list":["post-1249","post","type-post","status-publish","format-standard","has-post-thumbnail","hentry","category-informacje","tag-elektromobilnosc","entry","has-media"],"_links":{"self":[{"href":"https:\/\/seo.org.pl\/en\/wp-json\/wp\/v2\/posts\/1249","targetHints":{"allow":["GET"]}}],"collection":[{"href":"https:\/\/seo.org.pl\/en\/wp-json\/wp\/v2\/posts"}],"about":[{"href":"https:\/\/seo.org.pl\/en\/wp-json\/wp\/v2\/types\/post"}],"author":[{"embeddable":true,"href":"https:\/\/seo.org.pl\/en\/wp-json\/wp\/v2\/users\/1"}],"replies":[{"embeddable":true,"href":"https:\/\/seo.org.pl\/en\/wp-json\/wp\/v2\/comments?post=1249"}],"version-history":[{"count":0,"href":"https:\/\/seo.org.pl\/en\/wp-json\/wp\/v2\/posts\/1249\/revisions"}],"wp:featuredmedia":[{"embeddable":true,"href":"https:\/\/seo.org.pl\/en\/wp-json\/wp\/v2\/media\/1103"}],"wp:attachment":[{"href":"https:\/\/seo.org.pl\/en\/wp-json\/wp\/v2\/media?parent=1249"}],"wp:term":[{"taxonomy":"category","embeddable":true,"href":"https:\/\/seo.org.pl\/en\/wp-json\/wp\/v2\/categories?post=1249"},{"taxonomy":"post_tag","embeddable":true,"href":"https:\/\/seo.org.pl\/en\/wp-json\/wp\/v2\/tags?post=1249"}],"curies":[{"name":"wp","href":"https:\/\/api.w.org\/{rel}","templated":true}]}}