{"id":1104,"date":"2016-12-02T08:41:59","date_gmt":"2016-12-02T07:41:59","guid":{"rendered":"http:\/\/seo.org.pl\/?p=1104"},"modified":"2016-12-02T08:41:59","modified_gmt":"2016-12-02T07:41:59","slug":"ministrowie-kurtyka-i-baake-mozliwa-jest-wspolpraca-polski-i-niemiec-ws-pakietu-zimowego","status":"publish","type":"post","link":"https:\/\/seo.org.pl\/en\/ministrowie-kurtyka-i-baake-mozliwa-jest-wspolpraca-polski-i-niemiec-ws-pakietu-zimowego\/","title":{"rendered":"Ministrowie Kurtyka i Baake: Mo\u017cliwa jest wsp\u00f3\u0142praca Polski i Niemiec ws. pakietu zimowego"},"content":{"rendered":"<p>W Warszawie 29 listopada 2016 r. odby\u0142y si\u0119 polsko-niemieckie konsultacje energetyczne. Wzi\u0119li w nich udzia\u0142 podsekretarz stanu w Ministerstwie Energii Micha\u0142 Kurtyka oraz sekretarz stanu w Federalnym Ministerstwie Gospodarki i Energii Rainer Bakke. Ministrowie wyrazili wol\u0119 bliskiej wsp\u00f3\u0142pracy w zakresie pakietu zimowego w\u00a0kontek\u015bcie planowanych w najbli\u017cszych miesi\u0105cach dyskusji na forum UE.<\/p>\n<p>Rozmowy odby\u0142y si\u0119 w przed planowan\u0105 przez Komisj\u0119 Europejsk\u0105 publikacj\u0105 tzw. pakietu zimowego, tj. pakietu 8 projekt\u00f3w legislacyjnych UE dotycz\u0105cych architektury rynku energii elektrycznej, wykorzystania energii ze \u017ar\u00f3de\u0142 odnawialnych, efektywno\u015bci energetycznej oraz zarz\u0105dzania Uni\u0105 Energetyczn\u0105. Konsultacje polsko-niemieckie s\u0142u\u017cy\u0142y wst\u0119pnemu om\u00f3wieniu stanowiska Polski i Niemiec przed oficjaln\u0105 prezentacj\u0105 pakietu na posiedzeniu Rady UE ds. Energii 5 grudnia 2016 r.<\/p>\n<p>Podczas spotkania poruszono kwestie zarz\u0105dzania uni\u0105 energetyczn\u0105 i rol\u0119 wsp\u00f3\u0142pracy regionalnej w tym zakresie.\u00a0 Wiceminister Kurtyka wskaza\u0142 istotne dla Polski kwestie w zakresie usprawnienia funkcjonowania rynku energii elektrycznej i dostosowania go do wyzwa\u0144 jakie staj\u0105 przed sektorem. Podkre\u015bli\u0142, \u017ce zasadnicz\u0105 spraw\u0105 jest zapewnienie d\u0142ugoterminowego bezpiecze\u0144stwa dostaw energii elektrycznej w oparciu o pewne, stabilne i dost\u0119pne \u017ar\u00f3d\u0142a. <em>&#8211;<\/em> <em>Z du\u017cym zainteresowaniem oczekujemy propozycji Komisji Europejskiej zawartych w\u00a0pakiecie zimowym. B\u0119d\u0105 one bardzo istotne w kontek\u015bcie procesu budowy Unii Energetycznej<\/em> \u2013 zaznaczy\u0142.<\/p>\n<p>\u0179r\u00f3d\u0142o: me.gov.pl<\/p>\n","protected":false},"excerpt":{"rendered":"<p>W Warszawie 29 listopada 2016 r. odby\u0142y si\u0119 polsko-niemieckie konsultacje energetyczne. Wzi\u0119li w nich udzia\u0142 podsekretarz stanu w Ministerstwie Energii Micha\u0142 Kurtyka oraz sekretarz stanu w Federalnym Ministerstwie Gospodarki i Energii Rainer Bakke. Ministrowie wyrazili wol\u0119 bliskiej wsp\u00f3\u0142pracy w zakresie pakietu zimowego w\u00a0kontek\u015bcie planowanych w najbli\u017cszych miesi\u0105cach dyskusji na forum UE. Rozmowy odby\u0142y si\u0119 w [&hellip;]<\/p>\n","protected":false},"author":1,"featured_media":918,"comment_status":"closed","ping_status":"open","sticky":false,"template":"","format":"standard","meta":{"ocean_post_layout":"","ocean_both_sidebars_style":"","ocean_both_sidebars_content_width":0,"ocean_both_sidebars_sidebars_width":0,"ocean_sidebar":"","ocean_second_sidebar":"","ocean_disable_margins":"enable","ocean_add_body_class":"","ocean_shortcode_before_top_bar":"","ocean_shortcode_after_top_bar":"","ocean_shortcode_before_header":"","ocean_shortcode_after_header":"","ocean_has_shortcode":"","ocean_shortcode_after_title":"","ocean_shortcode_before_footer_widgets":"","ocean_shortcode_after_footer_widgets":"","ocean_shortcode_before_footer_bottom":"","ocean_shortcode_after_footer_bottom":"","ocean_display_top_bar":"default","ocean_display_header":"default","ocean_header_style":"","ocean_center_header_left_menu":"","ocean_custom_header_template":"","ocean_custom_logo":0,"ocean_custom_retina_logo":0,"ocean_custom_logo_max_width":0,"ocean_custom_logo_tablet_max_width":0,"ocean_custom_logo_mobile_max_width":0,"ocean_custom_logo_max_height":0,"ocean_custom_logo_tablet_max_height":0,"ocean_custom_logo_mobile_max_height":0,"ocean_header_custom_menu":"","ocean_menu_typo_font_family":"","ocean_menu_typo_font_subset":"","ocean_menu_typo_font_size":0,"ocean_menu_typo_font_size_tablet":0,"ocean_menu_typo_font_size_mobile":0,"ocean_menu_typo_font_size_unit":"px","ocean_menu_typo_font_weight":"","ocean_menu_typo_font_weight_tablet":"","ocean_menu_typo_font_weight_mobile":"","ocean_menu_typo_transform":"","ocean_menu_typo_transform_tablet":"","ocean_menu_typo_transform_mobile":"","ocean_menu_typo_line_height":0,"ocean_menu_typo_line_height_tablet":0,"ocean_menu_typo_line_height_mobile":0,"ocean_menu_typo_line_height_unit":"","ocean_menu_typo_spacing":0,"ocean_menu_typo_spacing_tablet":0,"ocean_menu_typo_spacing_mobile":0,"ocean_menu_typo_spacing_unit":"","ocean_menu_link_color":"","ocean_menu_link_color_hover":"","ocean_menu_link_color_active":"","ocean_menu_link_background":"","ocean_menu_link_hover_background":"","ocean_menu_link_active_background":"","ocean_menu_social_links_bg":"","ocean_menu_social_hover_links_bg":"","ocean_menu_social_links_color":"","ocean_menu_social_hover_links_color":"","ocean_disable_title":"default","ocean_disable_heading":"default","ocean_post_title":"","ocean_post_subheading":"","ocean_post_title_style":"","ocean_post_title_background_color":"","ocean_post_title_background":0,"ocean_post_title_bg_image_position":"","ocean_post_title_bg_image_attachment":"","ocean_post_title_bg_image_repeat":"","ocean_post_title_bg_image_size":"","ocean_post_title_height":0,"ocean_post_title_bg_overlay":0.5,"ocean_post_title_bg_overlay_color":"","ocean_disable_breadcrumbs":"default","ocean_breadcrumbs_color":"","ocean_breadcrumbs_separator_color":"","ocean_breadcrumbs_links_color":"","ocean_breadcrumbs_links_hover_color":"","ocean_display_footer_widgets":"default","ocean_display_footer_bottom":"default","ocean_custom_footer_template":"","ocean_post_oembed":"","ocean_post_self_hosted_media":"","ocean_post_video_embed":"","ocean_link_format":"","ocean_link_format_target":"self","ocean_quote_format":"","ocean_quote_format_link":"post","ocean_gallery_link_images":"on","ocean_gallery_id":[],"footnotes":""},"categories":[34],"tags":[23,116],"class_list":["post-1104","post","type-post","status-publish","format-standard","has-post-thumbnail","hentry","category-informacje","tag-ministerstwo-energetyki","tag-pakiet-zimowy","entry","has-media"],"_links":{"self":[{"href":"https:\/\/seo.org.pl\/en\/wp-json\/wp\/v2\/posts\/1104","targetHints":{"allow":["GET"]}}],"collection":[{"href":"https:\/\/seo.org.pl\/en\/wp-json\/wp\/v2\/posts"}],"about":[{"href":"https:\/\/seo.org.pl\/en\/wp-json\/wp\/v2\/types\/post"}],"author":[{"embeddable":true,"href":"https:\/\/seo.org.pl\/en\/wp-json\/wp\/v2\/users\/1"}],"replies":[{"embeddable":true,"href":"https:\/\/seo.org.pl\/en\/wp-json\/wp\/v2\/comments?post=1104"}],"version-history":[{"count":0,"href":"https:\/\/seo.org.pl\/en\/wp-json\/wp\/v2\/posts\/1104\/revisions"}],"wp:featuredmedia":[{"embeddable":true,"href":"https:\/\/seo.org.pl\/en\/wp-json\/wp\/v2\/media\/918"}],"wp:attachment":[{"href":"https:\/\/seo.org.pl\/en\/wp-json\/wp\/v2\/media?parent=1104"}],"wp:term":[{"taxonomy":"category","embeddable":true,"href":"https:\/\/seo.org.pl\/en\/wp-json\/wp\/v2\/categories?post=1104"},{"taxonomy":"post_tag","embeddable":true,"href":"https:\/\/seo.org.pl\/en\/wp-json\/wp\/v2\/tags?post=1104"}],"curies":[{"name":"wp","href":"https:\/\/api.w.org\/{rel}","templated":true}]}}