{"id":1095,"date":"2016-12-01T10:05:52","date_gmt":"2016-12-01T09:05:52","guid":{"rendered":"http:\/\/seo.org.pl\/?p=1095"},"modified":"2016-12-01T10:05:52","modified_gmt":"2016-12-01T09:05:52","slug":"posiedzenie-parlamentarnego-zespolu-gornictwa-i-energii","status":"publish","type":"post","link":"https:\/\/seo.org.pl\/en\/posiedzenie-parlamentarnego-zespolu-gornictwa-i-energii\/","title":{"rendered":"Posiedzenie Parlamentarnego Zespo\u0142u G\u00f3rnictwa i Energii"},"content":{"rendered":"<p>28 listopada 2016 roku w godzinach od 10:00 do 15:00 w Sali Kolumnowej im. Kazimierza Pu\u017caka w Sejmie Rzeczpospolitej Polskiej odby\u0142a si\u0119 Konferencja zorganizowana przez Parlamentarny Zesp\u00f3\u0142 G\u00f3rnictwa i Energii pt.:<\/p>\n<p>Wsp\u00f3\u0142praca pa\u0144stwa, jednostek samorz\u0105du terytorialnego i przedsi\u0119biorc\u00f3w przy realizacji nowych projekt\u00f3w g\u00f3rniczych i energetycznych.<\/p>\n<p>Celem konferencji bu\u0142o om\u00f3wienie nowych projekt\u00f3w w g\u00f3rnictwie i energetyce w kontek\u015bcie budowy nowej ekonomii wsp\u00f3\u0142pracy pa\u0144stwa, jednostek samorz\u0105du terytorialnego i przedsi\u0119biorc\u00f3w oraz przeprowadzenie dyskusji w gronie ekspert\u00f3w, z kt\u00f3rej konkluzje powinny pom\u00f3c w sformu\u0142owaniu strategicznych kierunk\u00f3w polityki pa\u0144stwa w obszarze g\u00f3rnictwa i energetyki.<\/p>\n<p>W\u015br\u00f3d prelegent\u00f3w znalaz\u0142 si\u0119 wiceprezes Stowarzyszenia Energii Odnawialnej W\u0142odzimierz Ehrenhalt. Jego wyst\u0105pienie mo\u017cna obejrze\u0107 <a href=\"http:\/\/www.sejm.gov.pl\/Sejm8.nsf\/transmisje_arch.xsp?page=3#0420A79CDA989DFBC1258061003A5C02\">tutaj <\/a>(rozpoczyna si\u0119 o godz. 14:25).<\/p>\n<p><a href=\"http:\/\/seo.org.pl\/wlodzimierz_ehrenhalt_prezentacja\/\">Prezentacja\u00a0 <\/a><\/p>\n<p><a href=\"http:\/\/ireneusz-zyska.pl\/konferencja-nowe-projekty\/\">Strona wydarzenia<\/a><\/p>\n","protected":false},"excerpt":{"rendered":"<p>28 listopada 2016 roku w godzinach od 10:00 do 15:00 w Sali Kolumnowej im. Kazimierza Pu\u017caka w Sejmie Rzeczpospolitej Polskiej odby\u0142a si\u0119 Konferencja zorganizowana przez Parlamentarny Zesp\u00f3\u0142 G\u00f3rnictwa i Energii pt.: Wsp\u00f3\u0142praca pa\u0144stwa, jednostek samorz\u0105du terytorialnego i przedsi\u0119biorc\u00f3w przy realizacji nowych projekt\u00f3w g\u00f3rniczych i energetycznych. Celem konferencji bu\u0142o om\u00f3wienie nowych projekt\u00f3w w g\u00f3rnictwie i energetyce [&hellip;]<\/p>\n","protected":false},"author":1,"featured_media":1097,"comment_status":"closed","ping_status":"open","sticky":false,"template":"","format":"standard","meta":{"ocean_post_layout":"","ocean_both_sidebars_style":"","ocean_both_sidebars_content_width":0,"ocean_both_sidebars_sidebars_width":0,"ocean_sidebar":"","ocean_second_sidebar":"","ocean_disable_margins":"enable","ocean_add_body_class":"","ocean_shortcode_before_top_bar":"","ocean_shortcode_after_top_bar":"","ocean_shortcode_before_header":"","ocean_shortcode_after_header":"","ocean_has_shortcode":"","ocean_shortcode_after_title":"","ocean_shortcode_before_footer_widgets":"","ocean_shortcode_after_footer_widgets":"","ocean_shortcode_before_footer_bottom":"","ocean_shortcode_after_footer_bottom":"","ocean_display_top_bar":"default","ocean_display_header":"default","ocean_header_style":"","ocean_center_header_left_menu":"","ocean_custom_header_template":"","ocean_custom_logo":0,"ocean_custom_retina_logo":0,"ocean_custom_logo_max_width":0,"ocean_custom_logo_tablet_max_width":0,"ocean_custom_logo_mobile_max_width":0,"ocean_custom_logo_max_height":0,"ocean_custom_logo_tablet_max_height":0,"ocean_custom_logo_mobile_max_height":0,"ocean_header_custom_menu":"","ocean_menu_typo_font_family":"","ocean_menu_typo_font_subset":"","ocean_menu_typo_font_size":0,"ocean_menu_typo_font_size_tablet":0,"ocean_menu_typo_font_size_mobile":0,"ocean_menu_typo_font_size_unit":"px","ocean_menu_typo_font_weight":"","ocean_menu_typo_font_weight_tablet":"","ocean_menu_typo_font_weight_mobile":"","ocean_menu_typo_transform":"","ocean_menu_typo_transform_tablet":"","ocean_menu_typo_transform_mobile":"","ocean_menu_typo_line_height":0,"ocean_menu_typo_line_height_tablet":0,"ocean_menu_typo_line_height_mobile":0,"ocean_menu_typo_line_height_unit":"","ocean_menu_typo_spacing":0,"ocean_menu_typo_spacing_tablet":0,"ocean_menu_typo_spacing_mobile":0,"ocean_menu_typo_spacing_unit":"","ocean_menu_link_color":"","ocean_menu_link_color_hover":"","ocean_menu_link_color_active":"","ocean_menu_link_background":"","ocean_menu_link_hover_background":"","ocean_menu_link_active_background":"","ocean_menu_social_links_bg":"","ocean_menu_social_hover_links_bg":"","ocean_menu_social_links_color":"","ocean_menu_social_hover_links_color":"","ocean_disable_title":"default","ocean_disable_heading":"default","ocean_post_title":"","ocean_post_subheading":"","ocean_post_title_style":"","ocean_post_title_background_color":"","ocean_post_title_background":0,"ocean_post_title_bg_image_position":"","ocean_post_title_bg_image_attachment":"","ocean_post_title_bg_image_repeat":"","ocean_post_title_bg_image_size":"","ocean_post_title_height":0,"ocean_post_title_bg_overlay":0.5,"ocean_post_title_bg_overlay_color":"","ocean_disable_breadcrumbs":"default","ocean_breadcrumbs_color":"","ocean_breadcrumbs_separator_color":"","ocean_breadcrumbs_links_color":"","ocean_breadcrumbs_links_hover_color":"","ocean_display_footer_widgets":"default","ocean_display_footer_bottom":"default","ocean_custom_footer_template":"","ocean_post_oembed":"","ocean_post_self_hosted_media":"","ocean_post_video_embed":"","ocean_link_format":"","ocean_link_format_target":"self","ocean_quote_format":"","ocean_quote_format_link":"post","ocean_gallery_link_images":"on","ocean_gallery_id":[],"footnotes":""},"categories":[34],"tags":[],"class_list":["post-1095","post","type-post","status-publish","format-standard","has-post-thumbnail","hentry","category-informacje","entry","has-media"],"_links":{"self":[{"href":"https:\/\/seo.org.pl\/en\/wp-json\/wp\/v2\/posts\/1095","targetHints":{"allow":["GET"]}}],"collection":[{"href":"https:\/\/seo.org.pl\/en\/wp-json\/wp\/v2\/posts"}],"about":[{"href":"https:\/\/seo.org.pl\/en\/wp-json\/wp\/v2\/types\/post"}],"author":[{"embeddable":true,"href":"https:\/\/seo.org.pl\/en\/wp-json\/wp\/v2\/users\/1"}],"replies":[{"embeddable":true,"href":"https:\/\/seo.org.pl\/en\/wp-json\/wp\/v2\/comments?post=1095"}],"version-history":[{"count":0,"href":"https:\/\/seo.org.pl\/en\/wp-json\/wp\/v2\/posts\/1095\/revisions"}],"wp:featuredmedia":[{"embeddable":true,"href":"https:\/\/seo.org.pl\/en\/wp-json\/wp\/v2\/media\/1097"}],"wp:attachment":[{"href":"https:\/\/seo.org.pl\/en\/wp-json\/wp\/v2\/media?parent=1095"}],"wp:term":[{"taxonomy":"category","embeddable":true,"href":"https:\/\/seo.org.pl\/en\/wp-json\/wp\/v2\/categories?post=1095"},{"taxonomy":"post_tag","embeddable":true,"href":"https:\/\/seo.org.pl\/en\/wp-json\/wp\/v2\/tags?post=1095"}],"curies":[{"name":"wp","href":"https:\/\/api.w.org\/{rel}","templated":true}]}}