{"id":1036,"date":"2016-11-25T09:46:56","date_gmt":"2016-11-25T08:46:56","guid":{"rendered":"http:\/\/seo.org.pl\/?p=1036"},"modified":"2016-11-25T09:46:56","modified_gmt":"2016-11-25T08:46:56","slug":"me-glowne-bariery-w-rozwoju-elektromobilnosci","status":"publish","type":"post","link":"https:\/\/seo.org.pl\/en\/me-glowne-bariery-w-rozwoju-elektromobilnosci\/","title":{"rendered":"ME: G\u0142\u00f3wne bariery w rozwoju elektromobilno\u015bci"},"content":{"rendered":"<p>Na prze\u0142omie pa\u017adziernika i listopada br. pracownicy Ministerstwa Energii &#8211; w ramach wys\u0142ucha\u0144 publicznych &#8211; spotykali si\u0119 z zainteresowanymi tematem barier rozwoju elektromobilno\u015bci. Ka\u017cdy uczestnik m\u00f3g\u0142 przedstawi\u0107 swoje spostrze\u017cenia. Wnioski z rozm\u00f3w zostan\u0105 wzi\u0119te pod uwag\u0119 przy przygotowaniu ustawy o elektromobilno\u015bci.<\/p>\n<p>W wys\u0142uchaniach &#8211; 28 pa\u017adziernika oraz 7 i 10 listopada 2016 r.<strong> &#8211; <\/strong>udzia\u0142 wzi\u0119\u0142o blisko 30 instytucji, firm i przedsi\u0119biorc\u00f3w. Spotkania zorganizowano ze wzgl\u0119du na du\u017ce zainteresowanie pracami nad ustaw\u0105 o elektromobilno\u015bci. Ka\u017cdy zarejestrowany uczestnik mia\u0142 20 minut na prezentacj\u0119 postulat\u00f3w o kt\u00f3rych potem m\u00f3g\u0142 podyskutowa\u0107 z naszymi ekspertami.<\/p>\n<p>Przebieg oraz wnioski z wys\u0142ucha\u0144 zosta\u0142y zebrane w <a class=\"downloadIcon\" href=\"http:\/\/www.me.gov.pl\/files\/upload\/26681\/Raport%20z%20wys%C5%82ucha%C5%84%20-%20wersja%20fina%C5%82.pdf\" target=\"_blank\">raporcie z wys\u0142ucha\u0144.<\/a> Raport dostepny jest r\u00f3wnie\u017c <a class=\"downloadIcon\" href=\"http:\/\/www.me.gov.pl\/files\/upload\/26681\/Raport%20z%20wys%C5%82ucha%C5%84%20-%20wersja%20fina%C5%82.docx\" target=\"_blank\">w wersji edytowalnej.\u00a0 <\/a><\/p>\n<p>Poni\u017cej prezentujemy g\u0142\u00f3wne wnioski z wys\u0142ucha\u0144 publicznych.<\/p>\n<p>W listopadzie <a class=\"greenArrowLt\" href=\"http:\/\/www.me.gov.pl\/node\/26655\" target=\"_blank\">zako\u0144czy\u0142y si\u0119 tak\u017ce konsultacje Planu Rozwoju Elektromobilno\u015bci<\/a>. Projekt ustawy o elektromobilno\u015b\u0107 ma by\u0107 gotowy do ko\u0144ca roku.<\/p>\n<p>***<\/p>\n<p><strong>Wys\u0142uchania publiczne &#8211; jakie s\u0105 bariery w rozwoju elektromobilno\u015bci <\/strong><\/p>\n<p>W\u015br\u00f3d najwi\u0119kszych barier rozwoju elektromobilno\u015bci\u00a0 uczestnicy spotka\u0144 wymieniali te ju\u017c zidentyfikowane w ramach Planu Rozwoju Elektromobilno\u015bci, tj.<\/p>\n<ul>\n<li>wym\u00f3g uzyskania pozwolenia na budow\u0119 stacji \u0142adowania,<\/li>\n<li>utrudniony dost\u0119p do rozproszonego finansowania publicznego,<\/li>\n<li>nisk\u0105 \u015bwiadomo\u015b\u0107 w zakresie elektromobilno\u015bci,<\/li>\n<li>stan sieci OSD, czy d\u0142ugi czas przy\u0142\u0105cze\u0144 infrastruktury \u0142adowania do sieci, wynosz\u0105cy nawet kilkana\u015bcie miesi\u0119cy.<\/li>\n<\/ul>\n<p>Wskazali r\u00f3wnie\u017c szereg zagadnie\u0144, kt\u00f3re wymagaj\u0105 dodatkowej analizy w kontek\u015bcie prac nad ustaw\u0105 o elektromobilno\u015bci np. potrzeb\u0119 oznakowania pojazd\u00f3w elektrycznych, kt\u00f3ra umo\u017cliwi ich jednoznaczn\u0105 identyfikacj\u0119.<\/p>\n<p><strong>Wnioski z wys\u0142ucha\u0144 <\/strong><\/p>\n<p>Wys\u0142uchania publiczne pokaza\u0142y, \u017ce Polska ma potencja\u0142 do zbudowania przemys\u0142u wok\u00f3\u0142 tworz\u0105cego si\u0119 rynku elektromobilno\u015bci<strong>.<\/strong> Potencja\u0142 ten dotyczy:<\/p>\n<ul>\n<li>produkcji podzespo\u0142\u00f3w na potrzeby pojazd\u00f3w elektrycznych,<\/li>\n<li>samych pojazd\u00f3w,<\/li>\n<li>infrastruktury \u0142adowania<\/li>\n<li>rozwi\u0105za\u0144 informatycznych, s\u0142u\u017c\u0105cych komunikacji stacji \u0142adowania z pojazdami.<\/li>\n<\/ul>\n<p>Bior\u0105cy udzia\u0142 w spotkaniach przedstawiciele firmy z zagranicy, podkre\u015blali kompleksowo\u015b\u0107 podej\u015bcia zaprezentowanego w ramach Planu Rozwoju Elektromobilno\u015bci i oceniali, \u017ce Polska jest perspektywicznym rynkiem\u00a0 dla przedsi\u0119biorstw kt\u00f3re chc\u0105\u00a0 inwestowa\u0107 w elektromobilno\u015b\u0107.<\/p>\n","protected":false},"excerpt":{"rendered":"<p>Na prze\u0142omie pa\u017adziernika i listopada br. pracownicy Ministerstwa Energii &#8211; w ramach wys\u0142ucha\u0144 publicznych &#8211; spotykali si\u0119 z zainteresowanymi tematem barier rozwoju elektromobilno\u015bci. Ka\u017cdy uczestnik m\u00f3g\u0142 przedstawi\u0107 swoje spostrze\u017cenia. Wnioski z rozm\u00f3w zostan\u0105 wzi\u0119te pod uwag\u0119 przy przygotowaniu ustawy o elektromobilno\u015bci. W wys\u0142uchaniach &#8211; 28 pa\u017adziernika oraz 7 i 10 listopada 2016 r. &#8211; udzia\u0142 [&hellip;]<\/p>\n","protected":false},"author":1,"featured_media":918,"comment_status":"closed","ping_status":"open","sticky":false,"template":"","format":"standard","meta":{"ocean_post_layout":"","ocean_both_sidebars_style":"","ocean_both_sidebars_content_width":0,"ocean_both_sidebars_sidebars_width":0,"ocean_sidebar":"","ocean_second_sidebar":"","ocean_disable_margins":"enable","ocean_add_body_class":"","ocean_shortcode_before_top_bar":"","ocean_shortcode_after_top_bar":"","ocean_shortcode_before_header":"","ocean_shortcode_after_header":"","ocean_has_shortcode":"","ocean_shortcode_after_title":"","ocean_shortcode_before_footer_widgets":"","ocean_shortcode_after_footer_widgets":"","ocean_shortcode_before_footer_bottom":"","ocean_shortcode_after_footer_bottom":"","ocean_display_top_bar":"default","ocean_display_header":"default","ocean_header_style":"","ocean_center_header_left_menu":"","ocean_custom_header_template":"","ocean_custom_logo":0,"ocean_custom_retina_logo":0,"ocean_custom_logo_max_width":0,"ocean_custom_logo_tablet_max_width":0,"ocean_custom_logo_mobile_max_width":0,"ocean_custom_logo_max_height":0,"ocean_custom_logo_tablet_max_height":0,"ocean_custom_logo_mobile_max_height":0,"ocean_header_custom_menu":"","ocean_menu_typo_font_family":"","ocean_menu_typo_font_subset":"","ocean_menu_typo_font_size":0,"ocean_menu_typo_font_size_tablet":0,"ocean_menu_typo_font_size_mobile":0,"ocean_menu_typo_font_size_unit":"px","ocean_menu_typo_font_weight":"","ocean_menu_typo_font_weight_tablet":"","ocean_menu_typo_font_weight_mobile":"","ocean_menu_typo_transform":"","ocean_menu_typo_transform_tablet":"","ocean_menu_typo_transform_mobile":"","ocean_menu_typo_line_height":0,"ocean_menu_typo_line_height_tablet":0,"ocean_menu_typo_line_height_mobile":0,"ocean_menu_typo_line_height_unit":"","ocean_menu_typo_spacing":0,"ocean_menu_typo_spacing_tablet":0,"ocean_menu_typo_spacing_mobile":0,"ocean_menu_typo_spacing_unit":"","ocean_menu_link_color":"","ocean_menu_link_color_hover":"","ocean_menu_link_color_active":"","ocean_menu_link_background":"","ocean_menu_link_hover_background":"","ocean_menu_link_active_background":"","ocean_menu_social_links_bg":"","ocean_menu_social_hover_links_bg":"","ocean_menu_social_links_color":"","ocean_menu_social_hover_links_color":"","ocean_disable_title":"default","ocean_disable_heading":"default","ocean_post_title":"","ocean_post_subheading":"","ocean_post_title_style":"","ocean_post_title_background_color":"","ocean_post_title_background":0,"ocean_post_title_bg_image_position":"","ocean_post_title_bg_image_attachment":"","ocean_post_title_bg_image_repeat":"","ocean_post_title_bg_image_size":"","ocean_post_title_height":0,"ocean_post_title_bg_overlay":0.5,"ocean_post_title_bg_overlay_color":"","ocean_disable_breadcrumbs":"default","ocean_breadcrumbs_color":"","ocean_breadcrumbs_separator_color":"","ocean_breadcrumbs_links_color":"","ocean_breadcrumbs_links_hover_color":"","ocean_display_footer_widgets":"default","ocean_display_footer_bottom":"default","ocean_custom_footer_template":"","ocean_post_oembed":"","ocean_post_self_hosted_media":"","ocean_post_video_embed":"","ocean_link_format":"","ocean_link_format_target":"self","ocean_quote_format":"","ocean_quote_format_link":"post","ocean_gallery_link_images":"on","ocean_gallery_id":[],"footnotes":""},"categories":[34],"tags":[80],"class_list":["post-1036","post","type-post","status-publish","format-standard","has-post-thumbnail","hentry","category-informacje","tag-elektromobilnosc","entry","has-media"],"_links":{"self":[{"href":"https:\/\/seo.org.pl\/en\/wp-json\/wp\/v2\/posts\/1036","targetHints":{"allow":["GET"]}}],"collection":[{"href":"https:\/\/seo.org.pl\/en\/wp-json\/wp\/v2\/posts"}],"about":[{"href":"https:\/\/seo.org.pl\/en\/wp-json\/wp\/v2\/types\/post"}],"author":[{"embeddable":true,"href":"https:\/\/seo.org.pl\/en\/wp-json\/wp\/v2\/users\/1"}],"replies":[{"embeddable":true,"href":"https:\/\/seo.org.pl\/en\/wp-json\/wp\/v2\/comments?post=1036"}],"version-history":[{"count":0,"href":"https:\/\/seo.org.pl\/en\/wp-json\/wp\/v2\/posts\/1036\/revisions"}],"wp:featuredmedia":[{"embeddable":true,"href":"https:\/\/seo.org.pl\/en\/wp-json\/wp\/v2\/media\/918"}],"wp:attachment":[{"href":"https:\/\/seo.org.pl\/en\/wp-json\/wp\/v2\/media?parent=1036"}],"wp:term":[{"taxonomy":"category","embeddable":true,"href":"https:\/\/seo.org.pl\/en\/wp-json\/wp\/v2\/categories?post=1036"},{"taxonomy":"post_tag","embeddable":true,"href":"https:\/\/seo.org.pl\/en\/wp-json\/wp\/v2\/tags?post=1036"}],"curies":[{"name":"wp","href":"https:\/\/api.w.org\/{rel}","templated":true}]}}